{"id":398,"date":"2024-05-13T19:21:08","date_gmt":"2024-05-13T19:21:08","guid":{"rendered":"https:\/\/www.redconare.ac.cr\/?p=398"},"modified":"2024-11-07T14:50:54","modified_gmt":"2024-11-07T20:50:54","slug":"taller-academia-copernicus","status":"publish","type":"post","link":"https:\/\/www.redconare.ac.cr\/en\/taller-academia-copernicus\/","title":{"rendered":"RedCONARE leads Copernicus project implementation in Costa Rica"},"content":{"rendered":"<div data-elementor-type=\"wp-post\" data-elementor-id=\"398\" class=\"elementor elementor-398\">\n\t\t\t\t\t\t<section class=\"elementor-section elementor-top-section elementor-element elementor-element-3af73806 elementor-section-boxed elementor-section-height-default elementor-section-height-default\" data-id=\"3af73806\" data-element_type=\"section\">\n\t\t\t\t\t\t<div class=\"elementor-container elementor-column-gap-default\">\n\t\t\t\t\t<div class=\"elementor-column elementor-col-100 elementor-top-column elementor-element elementor-element-7c745240\" data-id=\"7c745240\" data-element_type=\"column\">\n\t\t\t<div class=\"elementor-widget-wrap elementor-element-populated\">\n\t\t\t\t\t\t<div class=\"elementor-element elementor-element-71296a0 elementor-widget elementor-widget-text-editor\" data-id=\"71296a0\" data-element_type=\"widget\" data-widget_type=\"text-editor.default\">\n\t\t\t\t<div class=\"elementor-widget-container\">\n\t\t\t\t\t\t\t\t\t\n<p><em>El pasado 11 de abril, en un encuentro realizado en las instalaciones del Centro Nacional de Alta Tecnolog\u00eda (CeNAT), se complet\u00f3 el primer taller de la Academia Copernicus denominado \u201cAplicaci\u00f3n y procesamiento de datos de Copernicus\u201d. Esta iniciativa pretende fomentar el conocimiento en \u00e1reas como la observaci\u00f3n de la tierra, a trav\u00e9s de la colaboraci\u00f3n de distintos sectores involucrados en materia de ecosistemas digitales.<\/em><\/p>\n\t\t\t\t\t\t\t\t<\/div>\n\t\t\t\t<\/div>\n\t\t\t\t\t<\/div>\n\t\t<\/div>\n\t\t\t\t\t<\/div>\n\t\t<\/section>\n\t\t\t\t<section class=\"elementor-section elementor-top-section elementor-element elementor-element-35c8c5d elementor-section-boxed elementor-section-height-default elementor-section-height-default\" data-id=\"35c8c5d\" data-element_type=\"section\">\n\t\t\t\t\t\t<div class=\"elementor-container elementor-column-gap-default\">\n\t\t\t\t\t<div class=\"elementor-column elementor-col-100 elementor-top-column elementor-element elementor-element-95876b1\" data-id=\"95876b1\" data-element_type=\"column\">\n\t\t\t<div class=\"elementor-widget-wrap elementor-element-populated\">\n\t\t\t\t\t\t<div class=\"elementor-element elementor-element-9febda7 elementor-widget elementor-widget-text-editor\" data-id=\"9febda7\" data-element_type=\"widget\" data-widget_type=\"text-editor.default\">\n\t\t\t\t<div class=\"elementor-widget-container\">\n\t\t\t\t\t\t\t\t\t<p>El desarrollo de la Academia Copernicus en Costa Rica es liderado por la <em>Costa Rica National Research and Education Network of the National Council of Rectors<\/em> (RedCONARE) y la <em>Cooperaci\u00f3n Latino Americana de Redes Avanzadas<\/em> (RedCLARA), en el marco de su proyecto \u201c<em>Building the Europe Link to Latin America and the Caribbean\u201d<\/em> (en espa\u00f1ol: \u201cConstruyendo el v\u00ednculo de Europa con Am\u00e9rica Latina y el Caribe\u201d, y por su acr\u00f3nimo: \u201cBELLA II\u201d).<\/p>\t\t\t\t\t\t\t\t<\/div>\n\t\t\t\t<\/div>\n\t\t\t\t\t<\/div>\n\t\t<\/div>\n\t\t\t\t\t<\/div>\n\t\t<\/section>\n\t\t\t\t<section class=\"elementor-section elementor-top-section elementor-element elementor-element-d01533b elementor-section-boxed elementor-section-height-default elementor-section-height-default\" data-id=\"d01533b\" data-element_type=\"section\">\n\t\t\t\t\t\t<div class=\"elementor-container elementor-column-gap-default\">\n\t\t\t\t\t<div class=\"elementor-column elementor-col-100 elementor-top-column elementor-element elementor-element-d24f8b3\" data-id=\"d24f8b3\" data-element_type=\"column\">\n\t\t\t<div class=\"elementor-widget-wrap elementor-element-populated\">\n\t\t\t\t\t\t<div class=\"elementor-element elementor-element-ceb1ef9 elementor-widget elementor-widget-text-editor\" data-id=\"ceb1ef9\" data-element_type=\"widget\" data-widget_type=\"text-editor.default\">\n\t\t\t\t<div class=\"elementor-widget-container\">\n\t\t\t\t\t\t\t\t\t<p>Copernicus es el Programa de Observaci\u00f3n de la Tierra de la Uni\u00f3n Europea, y ofrece servicios de informaci\u00f3n, de acceso gratuito y abierto para las personas usuarias, basados en datos de observaci\u00f3n de la Tierra por sat\u00e9lite y en datos <em>in situ<\/em> (no espaciales). En este encuentro, la Academia Copernicus en Costa Rica logr\u00f3 agrupar a representantes de sectores acad\u00e9micos, gubernamentales e iniciativas de origen privado, y tiene potencial aplicabilidad en el pa\u00eds dentro de \u00e1mbitos como la agricultura y la mitigaci\u00f3n de los efectos causados por desastres naturales, incendios y la crisis clim\u00e1tica.<\/p>\t\t\t\t\t\t\t\t<\/div>\n\t\t\t\t<\/div>\n\t\t\t\t\t<\/div>\n\t\t<\/div>\n\t\t\t\t\t<\/div>\n\t\t<\/section>\n\t\t\t\t<section class=\"elementor-section elementor-top-section elementor-element elementor-element-cdc93fa elementor-section-boxed elementor-section-height-default elementor-section-height-default\" data-id=\"cdc93fa\" data-element_type=\"section\">\n\t\t\t\t\t\t<div class=\"elementor-container elementor-column-gap-default\">\n\t\t\t\t\t<div class=\"elementor-column elementor-col-100 elementor-top-column elementor-element elementor-element-16b8d82\" data-id=\"16b8d82\" data-element_type=\"column\">\n\t\t\t<div class=\"elementor-widget-wrap elementor-element-populated\">\n\t\t\t\t\t\t<div class=\"elementor-element elementor-element-ba8940c elementor-widget elementor-widget-text-editor\" data-id=\"ba8940c\" data-element_type=\"widget\" data-widget_type=\"text-editor.default\">\n\t\t\t\t<div class=\"elementor-widget-container\">\n\t\t\t\t\t\t\t\t\t<p>Por su parte, BELLA II es una iniciativa regional que busca reducir la brecha digital y fortalecer el ecosistema digital de Am\u00e9rica Latina y el Caribe, con el fin de potenciar el desarrollo de la ciencia, tecnolog\u00eda, educaci\u00f3n e innovaci\u00f3n en dichos territorios. Copernicus y BELLA II forman parte de los cuatro pilares de la Alianza Digital Uni\u00f3n Europea-Am\u00e9rica Latina y el Caribe (Alianza Digital EU-LAC).<\/p>\t\t\t\t\t\t\t\t<\/div>\n\t\t\t\t<\/div>\n\t\t\t\t\t<\/div>\n\t\t<\/div>\n\t\t\t\t\t<\/div>\n\t\t<\/section>\n\t\t\t\t<section class=\"elementor-section elementor-top-section elementor-element elementor-element-bda8d22 elementor-section-boxed elementor-section-height-default elementor-section-height-default\" data-id=\"bda8d22\" data-element_type=\"section\">\n\t\t\t\t\t\t<div class=\"elementor-container elementor-column-gap-default\">\n\t\t\t\t\t<div class=\"elementor-column elementor-col-100 elementor-top-column elementor-element elementor-element-63bd8ac\" data-id=\"63bd8ac\" data-element_type=\"column\">\n\t\t\t<div class=\"elementor-widget-wrap elementor-element-populated\">\n\t\t\t\t\t\t<div class=\"elementor-element elementor-element-a08e123 elementor-widget elementor-widget-heading\" data-id=\"a08e123\" data-element_type=\"widget\" data-widget_type=\"heading.default\">\n\t\t\t\t<div class=\"elementor-widget-container\">\n\t\t\t\t\t<h2 class=\"elementor-heading-title elementor-size-default\">To find out more information <\/h2>\t\t\t\t<\/div>\n\t\t\t\t<\/div>\n\t\t\t\t\t<\/div>\n\t\t<\/div>\n\t\t\t\t\t<\/div>\n\t\t<\/section>\n\t\t\t\t<section class=\"elementor-section elementor-top-section elementor-element elementor-element-f2f6fd8 elementor-section-boxed elementor-section-height-default elementor-section-height-default\" data-id=\"f2f6fd8\" data-element_type=\"section\">\n\t\t\t\t\t\t<div class=\"elementor-container elementor-column-gap-default\">\n\t\t\t\t\t<div class=\"elementor-column elementor-col-100 elementor-top-column elementor-element elementor-element-f3a6ca6\" data-id=\"f3a6ca6\" data-element_type=\"column\">\n\t\t\t<div class=\"elementor-widget-wrap elementor-element-populated\">\n\t\t\t\t\t\t<div class=\"elementor-element elementor-element-385eac7 elementor-icon-list--layout-traditional elementor-list-item-link-full_width elementor-widget elementor-widget-icon-list\" data-id=\"385eac7\" data-element_type=\"widget\" data-widget_type=\"icon-list.default\">\n\t\t\t\t<div class=\"elementor-widget-container\">\n\t\t\t\t\t\t\t<ul class=\"elementor-icon-list-items\">\n\t\t\t\t\t\t\t<li class=\"elementor-icon-list-item\">\n\t\t\t\t\t\t\t\t\t\t\t<a href=\"https:\/\/www.redconare.ac.cr\/en\/\" target=\"_blank\">\n\n\t\t\t\t\t\t\t\t\t\t\t\t<span class=\"elementor-icon-list-icon\">\n\t\t\t\t\t\t\t<svg aria-hidden=\"true\" class=\"e-font-icon-svg e-fas-circle\" viewbox=\"0 0 512 512\" xmlns=\"http:\/\/www.w3.org\/2000\/svg\"><path d=\"M256 8C119 8 8 119 8 256s111 248 248 248 248-111 248-248S393 8 256 8z\"><\/path><\/svg>\t\t\t\t\t\t<\/span>\n\t\t\t\t\t\t\t\t\t\t<span class=\"elementor-icon-list-text\">RedCONARE<\/span>\n\t\t\t\t\t\t\t\t\t\t\t<\/a>\n\t\t\t\t\t\t\t\t\t<\/li>\n\t\t\t\t\t\t\t\t<li class=\"elementor-icon-list-item\">\n\t\t\t\t\t\t\t\t\t\t\t<a href=\"https:\/\/redclara.net\/index.php\/es\/\" target=\"_blank\">\n\n\t\t\t\t\t\t\t\t\t\t\t\t<span class=\"elementor-icon-list-icon\">\n\t\t\t\t\t\t\t<svg aria-hidden=\"true\" class=\"e-font-icon-svg e-fas-circle\" viewbox=\"0 0 512 512\" xmlns=\"http:\/\/www.w3.org\/2000\/svg\"><path d=\"M256 8C119 8 8 119 8 256s111 248 248 248 248-111 248-248S393 8 256 8z\"><\/path><\/svg>\t\t\t\t\t\t<\/span>\n\t\t\t\t\t\t\t\t\t\t<span class=\"elementor-icon-list-text\">RedCLARA<\/span>\n\t\t\t\t\t\t\t\t\t\t\t<\/a>\n\t\t\t\t\t\t\t\t\t<\/li>\n\t\t\t\t\t\t\t\t<li class=\"elementor-icon-list-item\">\n\t\t\t\t\t\t\t\t\t\t\t<a href=\"https:\/\/www.bella-programme.eu\" target=\"_blank\">\n\n\t\t\t\t\t\t\t\t\t\t\t\t<span class=\"elementor-icon-list-icon\">\n\t\t\t\t\t\t\t<svg aria-hidden=\"true\" class=\"e-font-icon-svg e-fas-circle\" viewbox=\"0 0 512 512\" xmlns=\"http:\/\/www.w3.org\/2000\/svg\"><path d=\"M256 8C119 8 8 119 8 256s111 248 248 248 248-111 248-248S393 8 256 8z\"><\/path><\/svg>\t\t\t\t\t\t<\/span>\n\t\t\t\t\t\t\t\t\t\t<span class=\"elementor-icon-list-text\">Follow the BELLA network's<\/span>\n\t\t\t\t\t\t\t\t\t\t\t<\/a>\n\t\t\t\t\t\t\t\t\t<\/li>\n\t\t\t\t\t\t\t\t<li class=\"elementor-icon-list-item\">\n\t\t\t\t\t\t\t\t\t\t\t<a href=\"https:\/\/www.copernicus.eu\/es\/oportunidades\/educacion\/academia-copernicus\" target=\"_blank\">\n\n\t\t\t\t\t\t\t\t\t\t\t\t<span class=\"elementor-icon-list-icon\">\n\t\t\t\t\t\t\t<svg aria-hidden=\"true\" class=\"e-font-icon-svg e-fas-circle\" viewbox=\"0 0 512 512\" xmlns=\"http:\/\/www.w3.org\/2000\/svg\"><path d=\"M256 8C119 8 8 119 8 256s111 248 248 248 248-111 248-248S393 8 256 8z\"><\/path><\/svg>\t\t\t\t\t\t<\/span>\n\t\t\t\t\t\t\t\t\t\t<span class=\"elementor-icon-list-text\">Copernicus<\/span>\n\t\t\t\t\t\t\t\t\t\t\t<\/a>\n\t\t\t\t\t\t\t\t\t<\/li>\n\t\t\t\t\t\t<\/ul>\n\t\t\t\t\t\t<\/div>\n\t\t\t\t<\/div>\n\t\t\t\t\t<\/div>\n\t\t<\/div>\n\t\t\t\t\t<\/div>\n\t\t<\/section>\n\t\t\t\t<\/div>","protected":false},"excerpt":{"rendered":"<p>The first workshop of the Copernicus Academy \"Application and processing of Copernicus data\" was completed on 11 April...<\/p>\n<p> <a class=\"more-link\" href=\"https:\/\/www.redconare.ac.cr\/en\/taller-academia-copernicus\/\">Leer m\u00e1s<\/a><\/p>","protected":false},"author":1,"featured_media":1668,"comment_status":"closed","ping_status":"open","sticky":false,"template":"","format":"standard","meta":{"_jetpack_memberships_contains_paid_content":false,"footnotes":""},"categories":[1],"tags":[18],"class_list":{"0":"post-398","1":"post","2":"type-post","3":"status-publish","4":"format-standard","5":"has-post-thumbnail","7":"category-uncategorized","8":"tag-despligue_academia_copernicus"},"yoast_head":"<!-- This site is optimized with the Yoast SEO plugin v25.2 - https:\/\/yoast.com\/wordpress\/plugins\/seo\/ -->\n<title>RedCONARE lidera despliegue de la Academia Copernicus en Costa Rica - RedCONARE<\/title>\n<meta name=\"robots\" content=\"index, follow, max-snippet:-1, max-image-preview:large, max-video-preview:-1\" \/>\n<link rel=\"canonical\" href=\"https:\/\/www.redconare.ac.cr\/en\/taller-academia-copernicus\/\" \/>\n<meta property=\"og:locale\" content=\"en_US\" \/>\n<meta property=\"og:type\" content=\"article\" \/>\n<meta property=\"og:title\" content=\"RedCONARE lidera despliegue de la Academia Copernicus en Costa Rica - RedCONARE\" \/>\n<meta property=\"og:description\" content=\"El pasado 11 de abril, en un encuentro realizado en las instalaciones del Centro Nacional de Alta Tecnolog\u00eda (CeNAT), se complet\u00f3 el primer taller de la Academia Copernicus denominado \u201cAplicaci\u00f3n&hellip;  Leer m\u00e1s\" \/>\n<meta property=\"og:url\" content=\"https:\/\/www.redconare.ac.cr\/en\/taller-academia-copernicus\/\" \/>\n<meta property=\"og:site_name\" content=\"RedCONARE\" \/>\n<meta property=\"article:publisher\" content=\"https:\/\/www.facebook.com\/RedCONARE\" \/>\n<meta property=\"article:published_time\" content=\"2024-05-13T19:21:08+00:00\" \/>\n<meta property=\"article:modified_time\" content=\"2024-11-07T20:50:54+00:00\" \/>\n<meta property=\"og:image\" content=\"https:\/\/www.redconare.ac.cr\/wp-content\/uploads\/2024\/08\/Nota-13-mayo-2024-Academia-Copernicus.jpg\" \/>\n\t<meta property=\"og:image:width\" content=\"2048\" \/>\n\t<meta property=\"og:image:height\" content=\"1389\" \/>\n\t<meta property=\"og:image:type\" content=\"image\/jpeg\" \/>\n<meta name=\"author\" content=\"cgamboa\" \/>\n<meta name=\"twitter:card\" content=\"summary_large_image\" \/>\n<meta name=\"twitter:creator\" content=\"@redconare\" \/>\n<meta name=\"twitter:site\" content=\"@redconare\" \/>\n<meta name=\"twitter:label1\" content=\"Written by\" \/>\n\t<meta name=\"twitter:data1\" content=\"cgamboa\" \/>\n\t<meta name=\"twitter:label2\" content=\"Est. reading time\" \/>\n\t<meta name=\"twitter:data2\" content=\"2 minutes\" \/>\n<script type=\"application\/ld+json\" class=\"yoast-schema-graph\">{\"@context\":\"https:\/\/schema.org\",\"@graph\":[{\"@type\":\"Article\",\"@id\":\"https:\/\/www.redconare.ac.cr\/taller-academia-copernicus\/#article\",\"isPartOf\":{\"@id\":\"https:\/\/www.redconare.ac.cr\/taller-academia-copernicus\/\"},\"author\":{\"name\":\"cgamboa\",\"@id\":\"https:\/\/www.redconare.ac.cr\/#\/schema\/person\/3390f2f28f3c91a90475250465144a48\"},\"headline\":\"RedCONARE lidera despliegue de la Academia Copernicus en Costa Rica\",\"datePublished\":\"2024-05-13T19:21:08+00:00\",\"dateModified\":\"2024-11-07T20:50:54+00:00\",\"mainEntityOfPage\":{\"@id\":\"https:\/\/www.redconare.ac.cr\/taller-academia-copernicus\/\"},\"wordCount\":344,\"publisher\":{\"@id\":\"https:\/\/www.redconare.ac.cr\/#organization\"},\"image\":{\"@id\":\"https:\/\/www.redconare.ac.cr\/taller-academia-copernicus\/#primaryimage\"},\"thumbnailUrl\":\"https:\/\/www.redconare.ac.cr\/wp-content\/uploads\/2024\/08\/Nota-13-mayo-2024-Academia-Copernicus.jpg\",\"keywords\":[\"despligue_academia_copernicus\"],\"inLanguage\":\"en-US\"},{\"@type\":\"WebPage\",\"@id\":\"https:\/\/www.redconare.ac.cr\/taller-academia-copernicus\/\",\"url\":\"https:\/\/www.redconare.ac.cr\/taller-academia-copernicus\/\",\"name\":\"RedCONARE lidera despliegue de la Academia Copernicus en Costa Rica - RedCONARE\",\"isPartOf\":{\"@id\":\"https:\/\/www.redconare.ac.cr\/#website\"},\"primaryImageOfPage\":{\"@id\":\"https:\/\/www.redconare.ac.cr\/taller-academia-copernicus\/#primaryimage\"},\"image\":{\"@id\":\"https:\/\/www.redconare.ac.cr\/taller-academia-copernicus\/#primaryimage\"},\"thumbnailUrl\":\"https:\/\/www.redconare.ac.cr\/wp-content\/uploads\/2024\/08\/Nota-13-mayo-2024-Academia-Copernicus.jpg\",\"datePublished\":\"2024-05-13T19:21:08+00:00\",\"dateModified\":\"2024-11-07T20:50:54+00:00\",\"breadcrumb\":{\"@id\":\"https:\/\/www.redconare.ac.cr\/taller-academia-copernicus\/#breadcrumb\"},\"inLanguage\":\"en-US\",\"potentialAction\":[{\"@type\":\"ReadAction\",\"target\":[\"https:\/\/www.redconare.ac.cr\/taller-academia-copernicus\/\"]}]},{\"@type\":\"ImageObject\",\"inLanguage\":\"en-US\",\"@id\":\"https:\/\/www.redconare.ac.cr\/taller-academia-copernicus\/#primaryimage\",\"url\":\"https:\/\/www.redconare.ac.cr\/wp-content\/uploads\/2024\/08\/Nota-13-mayo-2024-Academia-Copernicus.jpg\",\"contentUrl\":\"https:\/\/www.redconare.ac.cr\/wp-content\/uploads\/2024\/08\/Nota-13-mayo-2024-Academia-Copernicus.jpg\",\"width\":2048,\"height\":1389},{\"@type\":\"BreadcrumbList\",\"@id\":\"https:\/\/www.redconare.ac.cr\/taller-academia-copernicus\/#breadcrumb\",\"itemListElement\":[{\"@type\":\"ListItem\",\"position\":1,\"name\":\"Home\",\"item\":\"https:\/\/www.redconare.ac.cr\/\"},{\"@type\":\"ListItem\",\"position\":2,\"name\":\"RedCONARE lidera despliegue de la Academia Copernicus en Costa Rica\"}]},{\"@type\":\"WebSite\",\"@id\":\"https:\/\/www.redconare.ac.cr\/#website\",\"url\":\"https:\/\/www.redconare.ac.cr\/\",\"name\":\"RedCONARE\",\"description\":\"Red Avanzada de Investigaci\u00f3n y Educaci\u00f3n del Consejo Nacional de Rectores de Costa Rica\",\"publisher\":{\"@id\":\"https:\/\/www.redconare.ac.cr\/#organization\"},\"potentialAction\":[{\"@type\":\"SearchAction\",\"target\":{\"@type\":\"EntryPoint\",\"urlTemplate\":\"https:\/\/www.redconare.ac.cr\/?s={search_term_string}\"},\"query-input\":{\"@type\":\"PropertyValueSpecification\",\"valueRequired\":true,\"valueName\":\"search_term_string\"}}],\"inLanguage\":\"en-US\"},{\"@type\":\"Organization\",\"@id\":\"https:\/\/www.redconare.ac.cr\/#organization\",\"name\":\"RedCONARE\",\"url\":\"https:\/\/www.redconare.ac.cr\/\",\"logo\":{\"@type\":\"ImageObject\",\"inLanguage\":\"en-US\",\"@id\":\"https:\/\/www.redconare.ac.cr\/#\/schema\/logo\/image\/\",\"url\":\"http:\/\/10.4.255.54\/wp-content\/uploads\/2024\/08\/cropped-RedCONARE-square.png\",\"contentUrl\":\"http:\/\/10.4.255.54\/wp-content\/uploads\/2024\/08\/cropped-RedCONARE-square.png\",\"width\":512,\"height\":512,\"caption\":\"RedCONARE\"},\"image\":{\"@id\":\"https:\/\/www.redconare.ac.cr\/#\/schema\/logo\/image\/\"},\"sameAs\":[\"https:\/\/www.facebook.com\/RedCONARE\",\"https:\/\/x.com\/redconare\"]},{\"@type\":\"Person\",\"@id\":\"https:\/\/www.redconare.ac.cr\/#\/schema\/person\/3390f2f28f3c91a90475250465144a48\",\"name\":\"cgamboa\",\"image\":{\"@type\":\"ImageObject\",\"inLanguage\":\"en-US\",\"@id\":\"https:\/\/www.redconare.ac.cr\/#\/schema\/person\/image\/\",\"url\":\"https:\/\/secure.gravatar.com\/avatar\/19da72df8670d425f54815a3195a2b22?s=96&d=mm&r=g\",\"contentUrl\":\"https:\/\/secure.gravatar.com\/avatar\/19da72df8670d425f54815a3195a2b22?s=96&d=mm&r=g\",\"caption\":\"cgamboa\"},\"sameAs\":[\"http:\/\/10.4.255.54\"],\"url\":\"https:\/\/www.redconare.ac.cr\/en\/author\/cgamboa\/\"}]}<\/script>\n<!-- \/ Yoast SEO plugin. -->","yoast_head_json":{"title":"RedCONARE lidera despliegue de la Academia Copernicus en Costa Rica - RedCONARE","robots":{"index":"index","follow":"follow","max-snippet":"max-snippet:-1","max-image-preview":"max-image-preview:large","max-video-preview":"max-video-preview:-1"},"canonical":"https:\/\/www.redconare.ac.cr\/en\/taller-academia-copernicus\/","og_locale":"en_US","og_type":"article","og_title":"RedCONARE lidera despliegue de la Academia Copernicus en Costa Rica - RedCONARE","og_description":"El pasado 11 de abril, en un encuentro realizado en las instalaciones del Centro Nacional de Alta Tecnolog\u00eda (CeNAT), se complet\u00f3 el primer taller de la Academia Copernicus denominado \u201cAplicaci\u00f3n&hellip;  Leer m\u00e1s","og_url":"https:\/\/www.redconare.ac.cr\/en\/taller-academia-copernicus\/","og_site_name":"RedCONARE","article_publisher":"https:\/\/www.facebook.com\/RedCONARE","article_published_time":"2024-05-13T19:21:08+00:00","article_modified_time":"2024-11-07T20:50:54+00:00","og_image":[{"width":2048,"height":1389,"url":"https:\/\/www.redconare.ac.cr\/wp-content\/uploads\/2024\/08\/Nota-13-mayo-2024-Academia-Copernicus.jpg","type":"image\/jpeg"}],"author":"cgamboa","twitter_card":"summary_large_image","twitter_creator":"@redconare","twitter_site":"@redconare","twitter_misc":{"Written by":"cgamboa","Est. reading time":"2 minutes"},"schema":{"@context":"https:\/\/schema.org","@graph":[{"@type":"Article","@id":"https:\/\/www.redconare.ac.cr\/taller-academia-copernicus\/#article","isPartOf":{"@id":"https:\/\/www.redconare.ac.cr\/taller-academia-copernicus\/"},"author":{"name":"cgamboa","@id":"https:\/\/www.redconare.ac.cr\/#\/schema\/person\/3390f2f28f3c91a90475250465144a48"},"headline":"RedCONARE lidera despliegue de la Academia Copernicus en Costa Rica","datePublished":"2024-05-13T19:21:08+00:00","dateModified":"2024-11-07T20:50:54+00:00","mainEntityOfPage":{"@id":"https:\/\/www.redconare.ac.cr\/taller-academia-copernicus\/"},"wordCount":344,"publisher":{"@id":"https:\/\/www.redconare.ac.cr\/#organization"},"image":{"@id":"https:\/\/www.redconare.ac.cr\/taller-academia-copernicus\/#primaryimage"},"thumbnailUrl":"https:\/\/www.redconare.ac.cr\/wp-content\/uploads\/2024\/08\/Nota-13-mayo-2024-Academia-Copernicus.jpg","keywords":["despligue_academia_copernicus"],"inLanguage":"en-US"},{"@type":"WebPage","@id":"https:\/\/www.redconare.ac.cr\/taller-academia-copernicus\/","url":"https:\/\/www.redconare.ac.cr\/taller-academia-copernicus\/","name":"RedCONARE lidera despliegue de la Academia Copernicus en Costa Rica - RedCONARE","isPartOf":{"@id":"https:\/\/www.redconare.ac.cr\/#website"},"primaryImageOfPage":{"@id":"https:\/\/www.redconare.ac.cr\/taller-academia-copernicus\/#primaryimage"},"image":{"@id":"https:\/\/www.redconare.ac.cr\/taller-academia-copernicus\/#primaryimage"},"thumbnailUrl":"https:\/\/www.redconare.ac.cr\/wp-content\/uploads\/2024\/08\/Nota-13-mayo-2024-Academia-Copernicus.jpg","datePublished":"2024-05-13T19:21:08+00:00","dateModified":"2024-11-07T20:50:54+00:00","breadcrumb":{"@id":"https:\/\/www.redconare.ac.cr\/taller-academia-copernicus\/#breadcrumb"},"inLanguage":"en-US","potentialAction":[{"@type":"ReadAction","target":["https:\/\/www.redconare.ac.cr\/taller-academia-copernicus\/"]}]},{"@type":"ImageObject","inLanguage":"en-US","@id":"https:\/\/www.redconare.ac.cr\/taller-academia-copernicus\/#primaryimage","url":"https:\/\/www.redconare.ac.cr\/wp-content\/uploads\/2024\/08\/Nota-13-mayo-2024-Academia-Copernicus.jpg","contentUrl":"https:\/\/www.redconare.ac.cr\/wp-content\/uploads\/2024\/08\/Nota-13-mayo-2024-Academia-Copernicus.jpg","width":2048,"height":1389},{"@type":"BreadcrumbList","@id":"https:\/\/www.redconare.ac.cr\/taller-academia-copernicus\/#breadcrumb","itemListElement":[{"@type":"ListItem","position":1,"name":"Home","item":"https:\/\/www.redconare.ac.cr\/"},{"@type":"ListItem","position":2,"name":"RedCONARE lidera despliegue de la Academia Copernicus en Costa Rica"}]},{"@type":"WebSite","@id":"https:\/\/www.redconare.ac.cr\/#website","url":"https:\/\/www.redconare.ac.cr\/","name":"RedCONARE","description":"Red Avanzada de Investigaci\u00f3n y Educaci\u00f3n del Consejo Nacional de Rectores de Costa Rica","publisher":{"@id":"https:\/\/www.redconare.ac.cr\/#organization"},"potentialAction":[{"@type":"SearchAction","target":{"@type":"EntryPoint","urlTemplate":"https:\/\/www.redconare.ac.cr\/?s={search_term_string}"},"query-input":{"@type":"PropertyValueSpecification","valueRequired":true,"valueName":"search_term_string"}}],"inLanguage":"en-US"},{"@type":"Organization","@id":"https:\/\/www.redconare.ac.cr\/#organization","name":"RedCONARE","url":"https:\/\/www.redconare.ac.cr\/","logo":{"@type":"ImageObject","inLanguage":"en-US","@id":"https:\/\/www.redconare.ac.cr\/#\/schema\/logo\/image\/","url":"http:\/\/10.4.255.54\/wp-content\/uploads\/2024\/08\/cropped-RedCONARE-square.png","contentUrl":"http:\/\/10.4.255.54\/wp-content\/uploads\/2024\/08\/cropped-RedCONARE-square.png","width":512,"height":512,"caption":"RedCONARE"},"image":{"@id":"https:\/\/www.redconare.ac.cr\/#\/schema\/logo\/image\/"},"sameAs":["https:\/\/www.facebook.com\/RedCONARE","https:\/\/x.com\/redconare"]},{"@type":"Person","@id":"https:\/\/www.redconare.ac.cr\/#\/schema\/person\/3390f2f28f3c91a90475250465144a48","name":"cgamboa","image":{"@type":"ImageObject","inLanguage":"en-US","@id":"https:\/\/www.redconare.ac.cr\/#\/schema\/person\/image\/","url":"https:\/\/secure.gravatar.com\/avatar\/19da72df8670d425f54815a3195a2b22?s=96&d=mm&r=g","contentUrl":"https:\/\/secure.gravatar.com\/avatar\/19da72df8670d425f54815a3195a2b22?s=96&d=mm&r=g","caption":"cgamboa"},"sameAs":["http:\/\/10.4.255.54"],"url":"https:\/\/www.redconare.ac.cr\/en\/author\/cgamboa\/"}]}},"jetpack_featured_media_url":"https:\/\/www.redconare.ac.cr\/wp-content\/uploads\/2024\/08\/Nota-13-mayo-2024-Academia-Copernicus.jpg","jetpack_sharing_enabled":true,"_links":{"self":[{"href":"https:\/\/www.redconare.ac.cr\/en\/wp-json\/wp\/v2\/posts\/398","targetHints":{"allow":["GET"]}}],"collection":[{"href":"https:\/\/www.redconare.ac.cr\/en\/wp-json\/wp\/v2\/posts"}],"about":[{"href":"https:\/\/www.redconare.ac.cr\/en\/wp-json\/wp\/v2\/types\/post"}],"author":[{"embeddable":true,"href":"https:\/\/www.redconare.ac.cr\/en\/wp-json\/wp\/v2\/users\/1"}],"replies":[{"embeddable":true,"href":"https:\/\/www.redconare.ac.cr\/en\/wp-json\/wp\/v2\/comments?post=398"}],"version-history":[{"count":0,"href":"https:\/\/www.redconare.ac.cr\/en\/wp-json\/wp\/v2\/posts\/398\/revisions"}],"wp:featuredmedia":[{"embeddable":true,"href":"https:\/\/www.redconare.ac.cr\/en\/wp-json\/wp\/v2\/media\/1668"}],"wp:attachment":[{"href":"https:\/\/www.redconare.ac.cr\/en\/wp-json\/wp\/v2\/media?parent=398"}],"wp:term":[{"taxonomy":"category","embeddable":true,"href":"https:\/\/www.redconare.ac.cr\/en\/wp-json\/wp\/v2\/categories?post=398"},{"taxonomy":"post_tag","embeddable":true,"href":"https:\/\/www.redconare.ac.cr\/en\/wp-json\/wp\/v2\/tags?post=398"}],"curies":[{"name":"wp","href":"https:\/\/api.w.org\/{rel}","templated":true}]}}