{"id":2365,"date":"2025-06-06T13:49:45","date_gmt":"2025-06-06T19:49:45","guid":{"rendered":"https:\/\/www.redconare.ac.cr\/?p=2365"},"modified":"2025-06-06T13:52:30","modified_gmt":"2025-06-06T19:52:30","slug":"costa-rica-sera-sede-de-tical-2025-con-redconare-como-coanfitriona-del-evento","status":"publish","type":"post","link":"https:\/\/www.redconare.ac.cr\/en\/costa-rica-sera-sede-de-tical-2025-con-redconare-como-coanfitriona-del-evento\/","title":{"rendered":"Costa Rica to Host TICAL2025, with RedCONARE as Co-organizer of the Event"},"content":{"rendered":"<div data-elementor-type=\"wp-post\" data-elementor-id=\"2365\" class=\"elementor elementor-2365\">\n\t\t\t\t<div class=\"elementor-element elementor-element-f471923 e-flex e-con-boxed e-con e-parent\" data-id=\"f471923\" data-element_type=\"container\">\n\t\t\t\t\t<div class=\"e-con-inner\">\n\t\t\t\t<div class=\"elementor-element elementor-element-9067641 elementor-widget elementor-widget-text-editor\" data-id=\"9067641\" data-element_type=\"widget\" data-widget_type=\"text-editor.default\">\n\t\t\t\t<div class=\"elementor-widget-container\">\n\t\t\t\t\t\t\t\t\t<p>Costa Rica\u2019s capital is preparing to host the upcoming edition of TICAL in 2025, reaffirming its role as a key hub for digital transformation in Latin America and the Caribbean.<\/p><p><strong>From November 11 to 13, 2025<\/strong>, the\u00a0<strong>DoubleTree by Hilton Cariari Hotel\u00a0<\/strong>in<strong>\u00a0San Jos\u00e9<\/strong>\u00a0will be the venue for the\u00a0<strong>14th edition of TICAL<\/strong>, the flagship event of\u00a0<strong>RedCLARA<\/strong>, which has become one of the region\u2019s most important forums for collaboration in science, technology, and innovation.<\/p><p>In this edition,\u00a0<strong>RedCONARE<\/strong>\u2014 the Advanced Research and Education Network of\u00a0<strong>Costa Rica\u2019s National Council of University Chancellors \u2014<\/strong>will serve as co-organizer, reinforcing its commitment to strengthening the country\u2019s digital capabilities and its role as a strategic actor in the regional science and technology ecosystem.<\/p><p><strong>TICAL2025<\/strong>\u00a0will bring together technology leaders, researchers, academics, and representatives from national research and education networks across the region. The event will provide a high-level platform for trend analysis, experience sharing, and the development of strategic partnerships focused on innovation, digital transformation in higher education, and scientific advancement.<\/p><p>The TICAL2025 program\u00a0<strong>TICAL2025<\/strong>\u00a0will feature keynote lectures, expert panels, and thematic sessions addressing topics such as artificial intelligence, cybersecurity, academic connectivity, open science, data governance, and digital sustainability, among others. The agenda will align with the objectives of the\u00a0<strong>Alianza Digital Uni\u00f3n Europea \u2013 Am\u00e9rica Latina y el Caribe (EU-LAC)<\/strong>\u00a0and the\u00a0<strong>BELLA II project,<\/strong>an initiative aimed at strengthening digital infrastructure and collaborative capabilities between Europe and Latin America.<\/p><p><strong>TICAL2025 will be much more than an event \u2014 it will be a unique opportunity to shape the digital future of Latin America from the heart of Central America.<\/strong><\/p><p><span data-teams=\"true\"><strong>For more information:\u00a0<\/strong><a href=\"https:\/\/tical2025.redclara.net\/es\/\">https:\/\/tical2025.redclara.net\/es\/<\/a><\/span><\/p>\t\t\t\t\t\t\t\t<\/div>\n\t\t\t\t<\/div>\n\t\t\t\t\t<\/div>\n\t\t\t\t<\/div>\n\t\t\t\t<\/div>","protected":false},"excerpt":{"rendered":"<p>La capital costarricense se prepara para convertirse en la sede de la pr\u00f3xima edici\u00f3n de TICAL en 2025, reafirmando su posici\u00f3n como un centro clave para la transformaci\u00f3n digital en&hellip;<\/p>\n<p> <a class=\"more-link\" href=\"https:\/\/www.redconare.ac.cr\/en\/costa-rica-sera-sede-de-tical-2025-con-redconare-como-coanfitriona-del-evento\/\">Leer m\u00e1s<\/a><\/p>","protected":false},"author":1,"featured_media":2319,"comment_status":"closed","ping_status":"open","sticky":false,"template":"","format":"standard","meta":{"_jetpack_memberships_contains_paid_content":false,"footnotes":""},"categories":[1],"tags":[],"class_list":{"0":"post-2365","1":"post","2":"type-post","3":"status-publish","4":"format-standard","5":"has-post-thumbnail","7":"category-uncategorized"},"yoast_head":"<!-- This site is optimized with the Yoast SEO plugin v25.2 - https:\/\/yoast.com\/wordpress\/plugins\/seo\/ -->\n<title>Costa Rica ser\u00e1 sede de TICAL 2025, con RedCONARE como coanfitriona del evento - RedCONARE<\/title>\n<meta name=\"robots\" content=\"index, follow, max-snippet:-1, max-image-preview:large, max-video-preview:-1\" \/>\n<link rel=\"canonical\" href=\"https:\/\/www.redconare.ac.cr\/en\/costa-rica-sera-sede-de-tical-2025-con-redconare-como-coanfitriona-del-evento\/\" \/>\n<meta property=\"og:locale\" content=\"en_US\" \/>\n<meta property=\"og:type\" content=\"article\" \/>\n<meta property=\"og:title\" content=\"Costa Rica ser\u00e1 sede de TICAL 2025, con RedCONARE como coanfitriona del evento - RedCONARE\" \/>\n<meta property=\"og:description\" content=\"La capital costarricense se prepara para convertirse en la sede de la pr\u00f3xima edici\u00f3n de TICAL en 2025, reafirmando su posici\u00f3n como un centro clave para la transformaci\u00f3n digital en&hellip;  Leer m\u00e1s\" \/>\n<meta property=\"og:url\" content=\"https:\/\/www.redconare.ac.cr\/en\/costa-rica-sera-sede-de-tical-2025-con-redconare-como-coanfitriona-del-evento\/\" \/>\n<meta property=\"og:site_name\" content=\"RedCONARE\" \/>\n<meta property=\"article:publisher\" content=\"https:\/\/www.facebook.com\/RedCONARE\" \/>\n<meta property=\"article:published_time\" content=\"2025-06-06T19:49:45+00:00\" \/>\n<meta property=\"article:modified_time\" content=\"2025-06-06T19:52:30+00:00\" \/>\n<meta property=\"og:image\" content=\"https:\/\/www.redconare.ac.cr\/wp-content\/uploads\/2025\/06\/1739222766408.jpg\" \/>\n\t<meta property=\"og:image:width\" content=\"1296\" \/>\n\t<meta property=\"og:image:height\" content=\"729\" \/>\n\t<meta property=\"og:image:type\" content=\"image\/jpeg\" \/>\n<meta name=\"author\" content=\"cgamboa\" \/>\n<meta name=\"twitter:card\" content=\"summary_large_image\" \/>\n<meta name=\"twitter:creator\" content=\"@redconare\" \/>\n<meta name=\"twitter:site\" content=\"@redconare\" \/>\n<meta name=\"twitter:label1\" content=\"Written by\" \/>\n\t<meta name=\"twitter:data1\" content=\"cgamboa\" \/>\n\t<meta name=\"twitter:label2\" content=\"Est. reading time\" \/>\n\t<meta name=\"twitter:data2\" content=\"2 minutes\" \/>\n<script type=\"application\/ld+json\" class=\"yoast-schema-graph\">{\"@context\":\"https:\/\/schema.org\",\"@graph\":[{\"@type\":\"Article\",\"@id\":\"https:\/\/www.redconare.ac.cr\/costa-rica-sera-sede-de-tical-2025-con-redconare-como-coanfitriona-del-evento\/#article\",\"isPartOf\":{\"@id\":\"https:\/\/www.redconare.ac.cr\/costa-rica-sera-sede-de-tical-2025-con-redconare-como-coanfitriona-del-evento\/\"},\"author\":{\"name\":\"cgamboa\",\"@id\":\"https:\/\/www.redconare.ac.cr\/#\/schema\/person\/3390f2f28f3c91a90475250465144a48\"},\"headline\":\"Costa Rica ser\u00e1 sede de TICAL 2025, con RedCONARE como coanfitriona del evento\",\"datePublished\":\"2025-06-06T19:49:45+00:00\",\"dateModified\":\"2025-06-06T19:52:30+00:00\",\"mainEntityOfPage\":{\"@id\":\"https:\/\/www.redconare.ac.cr\/costa-rica-sera-sede-de-tical-2025-con-redconare-como-coanfitriona-del-evento\/\"},\"wordCount\":347,\"publisher\":{\"@id\":\"https:\/\/www.redconare.ac.cr\/#organization\"},\"image\":{\"@id\":\"https:\/\/www.redconare.ac.cr\/costa-rica-sera-sede-de-tical-2025-con-redconare-como-coanfitriona-del-evento\/#primaryimage\"},\"thumbnailUrl\":\"https:\/\/www.redconare.ac.cr\/wp-content\/uploads\/2025\/06\/1739222766408.jpg\",\"inLanguage\":\"en-US\"},{\"@type\":\"WebPage\",\"@id\":\"https:\/\/www.redconare.ac.cr\/costa-rica-sera-sede-de-tical-2025-con-redconare-como-coanfitriona-del-evento\/\",\"url\":\"https:\/\/www.redconare.ac.cr\/costa-rica-sera-sede-de-tical-2025-con-redconare-como-coanfitriona-del-evento\/\",\"name\":\"Costa Rica ser\u00e1 sede de TICAL 2025, con RedCONARE como coanfitriona del evento - RedCONARE\",\"isPartOf\":{\"@id\":\"https:\/\/www.redconare.ac.cr\/#website\"},\"primaryImageOfPage\":{\"@id\":\"https:\/\/www.redconare.ac.cr\/costa-rica-sera-sede-de-tical-2025-con-redconare-como-coanfitriona-del-evento\/#primaryimage\"},\"image\":{\"@id\":\"https:\/\/www.redconare.ac.cr\/costa-rica-sera-sede-de-tical-2025-con-redconare-como-coanfitriona-del-evento\/#primaryimage\"},\"thumbnailUrl\":\"https:\/\/www.redconare.ac.cr\/wp-content\/uploads\/2025\/06\/1739222766408.jpg\",\"datePublished\":\"2025-06-06T19:49:45+00:00\",\"dateModified\":\"2025-06-06T19:52:30+00:00\",\"breadcrumb\":{\"@id\":\"https:\/\/www.redconare.ac.cr\/costa-rica-sera-sede-de-tical-2025-con-redconare-como-coanfitriona-del-evento\/#breadcrumb\"},\"inLanguage\":\"en-US\",\"potentialAction\":[{\"@type\":\"ReadAction\",\"target\":[\"https:\/\/www.redconare.ac.cr\/costa-rica-sera-sede-de-tical-2025-con-redconare-como-coanfitriona-del-evento\/\"]}]},{\"@type\":\"ImageObject\",\"inLanguage\":\"en-US\",\"@id\":\"https:\/\/www.redconare.ac.cr\/costa-rica-sera-sede-de-tical-2025-con-redconare-como-coanfitriona-del-evento\/#primaryimage\",\"url\":\"https:\/\/www.redconare.ac.cr\/wp-content\/uploads\/2025\/06\/1739222766408.jpg\",\"contentUrl\":\"https:\/\/www.redconare.ac.cr\/wp-content\/uploads\/2025\/06\/1739222766408.jpg\",\"width\":1296,\"height\":729},{\"@type\":\"BreadcrumbList\",\"@id\":\"https:\/\/www.redconare.ac.cr\/costa-rica-sera-sede-de-tical-2025-con-redconare-como-coanfitriona-del-evento\/#breadcrumb\",\"itemListElement\":[{\"@type\":\"ListItem\",\"position\":1,\"name\":\"Home\",\"item\":\"https:\/\/www.redconare.ac.cr\/\"},{\"@type\":\"ListItem\",\"position\":2,\"name\":\"Costa Rica ser\u00e1 sede de TICAL 2025, con RedCONARE como coanfitriona del evento\"}]},{\"@type\":\"WebSite\",\"@id\":\"https:\/\/www.redconare.ac.cr\/#website\",\"url\":\"https:\/\/www.redconare.ac.cr\/\",\"name\":\"RedCONARE\",\"description\":\"Red Avanzada de Investigaci\u00f3n y Educaci\u00f3n del Consejo Nacional de Rectores de Costa Rica\",\"publisher\":{\"@id\":\"https:\/\/www.redconare.ac.cr\/#organization\"},\"potentialAction\":[{\"@type\":\"SearchAction\",\"target\":{\"@type\":\"EntryPoint\",\"urlTemplate\":\"https:\/\/www.redconare.ac.cr\/?s={search_term_string}\"},\"query-input\":{\"@type\":\"PropertyValueSpecification\",\"valueRequired\":true,\"valueName\":\"search_term_string\"}}],\"inLanguage\":\"en-US\"},{\"@type\":\"Organization\",\"@id\":\"https:\/\/www.redconare.ac.cr\/#organization\",\"name\":\"RedCONARE\",\"url\":\"https:\/\/www.redconare.ac.cr\/\",\"logo\":{\"@type\":\"ImageObject\",\"inLanguage\":\"en-US\",\"@id\":\"https:\/\/www.redconare.ac.cr\/#\/schema\/logo\/image\/\",\"url\":\"http:\/\/10.4.255.54\/wp-content\/uploads\/2024\/08\/cropped-RedCONARE-square.png\",\"contentUrl\":\"http:\/\/10.4.255.54\/wp-content\/uploads\/2024\/08\/cropped-RedCONARE-square.png\",\"width\":512,\"height\":512,\"caption\":\"RedCONARE\"},\"image\":{\"@id\":\"https:\/\/www.redconare.ac.cr\/#\/schema\/logo\/image\/\"},\"sameAs\":[\"https:\/\/www.facebook.com\/RedCONARE\",\"https:\/\/x.com\/redconare\"]},{\"@type\":\"Person\",\"@id\":\"https:\/\/www.redconare.ac.cr\/#\/schema\/person\/3390f2f28f3c91a90475250465144a48\",\"name\":\"cgamboa\",\"image\":{\"@type\":\"ImageObject\",\"inLanguage\":\"en-US\",\"@id\":\"https:\/\/www.redconare.ac.cr\/#\/schema\/person\/image\/\",\"url\":\"https:\/\/secure.gravatar.com\/avatar\/19da72df8670d425f54815a3195a2b22?s=96&d=mm&r=g\",\"contentUrl\":\"https:\/\/secure.gravatar.com\/avatar\/19da72df8670d425f54815a3195a2b22?s=96&d=mm&r=g\",\"caption\":\"cgamboa\"},\"sameAs\":[\"http:\/\/10.4.255.54\"],\"url\":\"https:\/\/www.redconare.ac.cr\/en\/author\/cgamboa\/\"}]}<\/script>\n<!-- \/ Yoast SEO plugin. -->","yoast_head_json":{"title":"Costa Rica ser\u00e1 sede de TICAL 2025, con RedCONARE como coanfitriona del evento - RedCONARE","robots":{"index":"index","follow":"follow","max-snippet":"max-snippet:-1","max-image-preview":"max-image-preview:large","max-video-preview":"max-video-preview:-1"},"canonical":"https:\/\/www.redconare.ac.cr\/en\/costa-rica-sera-sede-de-tical-2025-con-redconare-como-coanfitriona-del-evento\/","og_locale":"en_US","og_type":"article","og_title":"Costa Rica ser\u00e1 sede de TICAL 2025, con RedCONARE como coanfitriona del evento - RedCONARE","og_description":"La capital costarricense se prepara para convertirse en la sede de la pr\u00f3xima edici\u00f3n de TICAL en 2025, reafirmando su posici\u00f3n como un centro clave para la transformaci\u00f3n digital en&hellip;  Leer m\u00e1s","og_url":"https:\/\/www.redconare.ac.cr\/en\/costa-rica-sera-sede-de-tical-2025-con-redconare-como-coanfitriona-del-evento\/","og_site_name":"RedCONARE","article_publisher":"https:\/\/www.facebook.com\/RedCONARE","article_published_time":"2025-06-06T19:49:45+00:00","article_modified_time":"2025-06-06T19:52:30+00:00","og_image":[{"width":1296,"height":729,"url":"https:\/\/www.redconare.ac.cr\/wp-content\/uploads\/2025\/06\/1739222766408.jpg","type":"image\/jpeg"}],"author":"cgamboa","twitter_card":"summary_large_image","twitter_creator":"@redconare","twitter_site":"@redconare","twitter_misc":{"Written by":"cgamboa","Est. reading time":"2 minutes"},"schema":{"@context":"https:\/\/schema.org","@graph":[{"@type":"Article","@id":"https:\/\/www.redconare.ac.cr\/costa-rica-sera-sede-de-tical-2025-con-redconare-como-coanfitriona-del-evento\/#article","isPartOf":{"@id":"https:\/\/www.redconare.ac.cr\/costa-rica-sera-sede-de-tical-2025-con-redconare-como-coanfitriona-del-evento\/"},"author":{"name":"cgamboa","@id":"https:\/\/www.redconare.ac.cr\/#\/schema\/person\/3390f2f28f3c91a90475250465144a48"},"headline":"Costa Rica ser\u00e1 sede de TICAL 2025, con RedCONARE como coanfitriona del evento","datePublished":"2025-06-06T19:49:45+00:00","dateModified":"2025-06-06T19:52:30+00:00","mainEntityOfPage":{"@id":"https:\/\/www.redconare.ac.cr\/costa-rica-sera-sede-de-tical-2025-con-redconare-como-coanfitriona-del-evento\/"},"wordCount":347,"publisher":{"@id":"https:\/\/www.redconare.ac.cr\/#organization"},"image":{"@id":"https:\/\/www.redconare.ac.cr\/costa-rica-sera-sede-de-tical-2025-con-redconare-como-coanfitriona-del-evento\/#primaryimage"},"thumbnailUrl":"https:\/\/www.redconare.ac.cr\/wp-content\/uploads\/2025\/06\/1739222766408.jpg","inLanguage":"en-US"},{"@type":"WebPage","@id":"https:\/\/www.redconare.ac.cr\/costa-rica-sera-sede-de-tical-2025-con-redconare-como-coanfitriona-del-evento\/","url":"https:\/\/www.redconare.ac.cr\/costa-rica-sera-sede-de-tical-2025-con-redconare-como-coanfitriona-del-evento\/","name":"Costa Rica ser\u00e1 sede de TICAL 2025, con RedCONARE como coanfitriona del evento - RedCONARE","isPartOf":{"@id":"https:\/\/www.redconare.ac.cr\/#website"},"primaryImageOfPage":{"@id":"https:\/\/www.redconare.ac.cr\/costa-rica-sera-sede-de-tical-2025-con-redconare-como-coanfitriona-del-evento\/#primaryimage"},"image":{"@id":"https:\/\/www.redconare.ac.cr\/costa-rica-sera-sede-de-tical-2025-con-redconare-como-coanfitriona-del-evento\/#primaryimage"},"thumbnailUrl":"https:\/\/www.redconare.ac.cr\/wp-content\/uploads\/2025\/06\/1739222766408.jpg","datePublished":"2025-06-06T19:49:45+00:00","dateModified":"2025-06-06T19:52:30+00:00","breadcrumb":{"@id":"https:\/\/www.redconare.ac.cr\/costa-rica-sera-sede-de-tical-2025-con-redconare-como-coanfitriona-del-evento\/#breadcrumb"},"inLanguage":"en-US","potentialAction":[{"@type":"ReadAction","target":["https:\/\/www.redconare.ac.cr\/costa-rica-sera-sede-de-tical-2025-con-redconare-como-coanfitriona-del-evento\/"]}]},{"@type":"ImageObject","inLanguage":"en-US","@id":"https:\/\/www.redconare.ac.cr\/costa-rica-sera-sede-de-tical-2025-con-redconare-como-coanfitriona-del-evento\/#primaryimage","url":"https:\/\/www.redconare.ac.cr\/wp-content\/uploads\/2025\/06\/1739222766408.jpg","contentUrl":"https:\/\/www.redconare.ac.cr\/wp-content\/uploads\/2025\/06\/1739222766408.jpg","width":1296,"height":729},{"@type":"BreadcrumbList","@id":"https:\/\/www.redconare.ac.cr\/costa-rica-sera-sede-de-tical-2025-con-redconare-como-coanfitriona-del-evento\/#breadcrumb","itemListElement":[{"@type":"ListItem","position":1,"name":"Home","item":"https:\/\/www.redconare.ac.cr\/"},{"@type":"ListItem","position":2,"name":"Costa Rica ser\u00e1 sede de TICAL 2025, con RedCONARE como coanfitriona del evento"}]},{"@type":"WebSite","@id":"https:\/\/www.redconare.ac.cr\/#website","url":"https:\/\/www.redconare.ac.cr\/","name":"RedCONARE","description":"Red Avanzada de Investigaci\u00f3n y Educaci\u00f3n del Consejo Nacional de Rectores de Costa Rica","publisher":{"@id":"https:\/\/www.redconare.ac.cr\/#organization"},"potentialAction":[{"@type":"SearchAction","target":{"@type":"EntryPoint","urlTemplate":"https:\/\/www.redconare.ac.cr\/?s={search_term_string}"},"query-input":{"@type":"PropertyValueSpecification","valueRequired":true,"valueName":"search_term_string"}}],"inLanguage":"en-US"},{"@type":"Organization","@id":"https:\/\/www.redconare.ac.cr\/#organization","name":"RedCONARE","url":"https:\/\/www.redconare.ac.cr\/","logo":{"@type":"ImageObject","inLanguage":"en-US","@id":"https:\/\/www.redconare.ac.cr\/#\/schema\/logo\/image\/","url":"http:\/\/10.4.255.54\/wp-content\/uploads\/2024\/08\/cropped-RedCONARE-square.png","contentUrl":"http:\/\/10.4.255.54\/wp-content\/uploads\/2024\/08\/cropped-RedCONARE-square.png","width":512,"height":512,"caption":"RedCONARE"},"image":{"@id":"https:\/\/www.redconare.ac.cr\/#\/schema\/logo\/image\/"},"sameAs":["https:\/\/www.facebook.com\/RedCONARE","https:\/\/x.com\/redconare"]},{"@type":"Person","@id":"https:\/\/www.redconare.ac.cr\/#\/schema\/person\/3390f2f28f3c91a90475250465144a48","name":"cgamboa","image":{"@type":"ImageObject","inLanguage":"en-US","@id":"https:\/\/www.redconare.ac.cr\/#\/schema\/person\/image\/","url":"https:\/\/secure.gravatar.com\/avatar\/19da72df8670d425f54815a3195a2b22?s=96&d=mm&r=g","contentUrl":"https:\/\/secure.gravatar.com\/avatar\/19da72df8670d425f54815a3195a2b22?s=96&d=mm&r=g","caption":"cgamboa"},"sameAs":["http:\/\/10.4.255.54"],"url":"https:\/\/www.redconare.ac.cr\/en\/author\/cgamboa\/"}]}},"jetpack_featured_media_url":"https:\/\/www.redconare.ac.cr\/wp-content\/uploads\/2025\/06\/1739222766408.jpg","jetpack_sharing_enabled":true,"_links":{"self":[{"href":"https:\/\/www.redconare.ac.cr\/en\/wp-json\/wp\/v2\/posts\/2365","targetHints":{"allow":["GET"]}}],"collection":[{"href":"https:\/\/www.redconare.ac.cr\/en\/wp-json\/wp\/v2\/posts"}],"about":[{"href":"https:\/\/www.redconare.ac.cr\/en\/wp-json\/wp\/v2\/types\/post"}],"author":[{"embeddable":true,"href":"https:\/\/www.redconare.ac.cr\/en\/wp-json\/wp\/v2\/users\/1"}],"replies":[{"embeddable":true,"href":"https:\/\/www.redconare.ac.cr\/en\/wp-json\/wp\/v2\/comments?post=2365"}],"version-history":[{"count":0,"href":"https:\/\/www.redconare.ac.cr\/en\/wp-json\/wp\/v2\/posts\/2365\/revisions"}],"wp:featuredmedia":[{"embeddable":true,"href":"https:\/\/www.redconare.ac.cr\/en\/wp-json\/wp\/v2\/media\/2319"}],"wp:attachment":[{"href":"https:\/\/www.redconare.ac.cr\/en\/wp-json\/wp\/v2\/media?parent=2365"}],"wp:term":[{"taxonomy":"category","embeddable":true,"href":"https:\/\/www.redconare.ac.cr\/en\/wp-json\/wp\/v2\/categories?post=2365"},{"taxonomy":"post_tag","embeddable":true,"href":"https:\/\/www.redconare.ac.cr\/en\/wp-json\/wp\/v2\/tags?post=2365"}],"curies":[{"name":"wp","href":"https:\/\/api.w.org\/{rel}","templated":true}]}}