{"id":1868,"date":"2024-11-05T07:18:04","date_gmt":"2024-11-05T13:18:04","guid":{"rendered":"https:\/\/www.redconare.ac.cr\/?p=1868"},"modified":"2024-11-05T08:58:05","modified_gmt":"2024-11-05T14:58:05","slug":"spider-en-el-taller-oportunidades-del-programa-horizonte-europa-en-centroamerica","status":"publish","type":"post","link":"https:\/\/www.redconare.ac.cr\/en\/spider-en-el-taller-oportunidades-del-programa-horizonte-europa-en-centroamerica\/","title":{"rendered":"SPIDER en el Taller \u00abOportunidades del Programa Horizonte Europa en Centroam\u00e9rica\u00bb"},"content":{"rendered":"<div data-elementor-type=\"wp-post\" data-elementor-id=\"1868\" class=\"elementor elementor-1868\">\n\t\t\t\t<div class=\"elementor-element elementor-element-b14cab1 e-flex e-con-boxed e-con e-parent\" data-id=\"b14cab1\" data-element_type=\"container\">\n\t\t\t\t\t<div class=\"e-con-inner\">\n\t\t\t\t<div class=\"elementor-element elementor-element-881f3a5 elementor-widget elementor-widget-text-editor\" data-id=\"881f3a5\" data-element_type=\"widget\" data-widget_type=\"text-editor.default\">\n\t\t\t\t<div class=\"elementor-widget-container\">\n\t\t\t\t\t\t\t\t\t<p><span data-teams=\"true\">El pasado 16 de octubre, el equipo de SPIDER en Costa Rica particip\u00f3 del taller \u00abOportunidades del Programa Horizonte Europa en Centroam\u00e9rica\u00bb. Este evento, organizado por el MICITT, la Delegaci\u00f3n Europea en Costa Rica y EURAXESS, reuni\u00f3 a instituciones y expertos en investigaci\u00f3n y desarrollo de toda Centroam\u00e9rica para fortalecer sus capacidades en el marco del programa Horizonte Europa de la Uni\u00f3n Europea.<\/span><\/p>\t\t\t\t\t\t\t\t<\/div>\n\t\t\t\t<\/div>\n\t\t\t\t\t<\/div>\n\t\t\t\t<\/div>\n\t\t<div class=\"elementor-element elementor-element-b5794d3 e-flex e-con-boxed e-con e-parent\" data-id=\"b5794d3\" data-element_type=\"container\">\n\t\t\t\t\t<div class=\"e-con-inner\">\n\t\t\t\t<div class=\"elementor-element elementor-element-e233669 elementor-widget elementor-widget-text-editor\" data-id=\"e233669\" data-element_type=\"widget\" data-widget_type=\"text-editor.default\">\n\t\t\t\t<div class=\"elementor-widget-container\">\n\t\t\t\t\t\t\t\t\t<p class=\"translation-block\">The event, held at CeNAT and streamed live (https:\/\/www.facebook.com\/watch\/live\/?ref=watch_permalink&amp;v=3934036920191345&amp;rdid=1BBUGPSkZuPpJ0mo), featured representatives and participants aiming to promote innovation and digitalization in Latin America and the Caribbean through projects like SPIDER. Through the RedCONARE network, Costa Rica joins this strategic initiative to foster international digital cooperation and utilize advanced infrastructure like BELLA II to reduce the digital divide in the region.<\/p>\t\t\t\t\t\t\t\t<\/div>\n\t\t\t\t<\/div>\n\t\t\t\t\t<\/div>\n\t\t\t\t<\/div>\n\t\t<div class=\"elementor-element elementor-element-12a08eb e-flex e-con-boxed e-con e-parent\" data-id=\"12a08eb\" data-element_type=\"container\">\n\t\t\t\t\t<div class=\"e-con-inner\">\n\t\t<div class=\"elementor-element elementor-element-f440eae e-con-full e-flex e-con e-child\" data-id=\"f440eae\" data-element_type=\"container\">\n\t\t\t\t<div class=\"elementor-element elementor-element-0d49f47 elementor-widget elementor-widget-image\" data-id=\"0d49f47\" data-element_type=\"widget\" data-widget_type=\"image.default\">\n\t\t\t\t<div class=\"elementor-widget-container\">\n\t\t\t\t\t\t\t\t\t\t\t\t\t\t\t<img fetchpriority=\"high\" decoding=\"async\" width=\"800\" height=\"402\" src=\"https:\/\/www.redconare.ac.cr\/wp-content\/uploads\/2024\/11\/undefined-3-1024x514.png\" class=\"attachment-large size-large wp-image-1884\" alt=\"\" srcset=\"https:\/\/www.redconare.ac.cr\/wp-content\/uploads\/2024\/11\/undefined-3-1024x514.png 1024w, https:\/\/www.redconare.ac.cr\/wp-content\/uploads\/2024\/11\/undefined-3-300x151.png 300w, https:\/\/www.redconare.ac.cr\/wp-content\/uploads\/2024\/11\/undefined-3-768x386.png 768w, https:\/\/www.redconare.ac.cr\/wp-content\/uploads\/2024\/11\/undefined-3-1536x771.png 1536w, https:\/\/www.redconare.ac.cr\/wp-content\/uploads\/2024\/11\/undefined-3-18x9.png 18w, https:\/\/www.redconare.ac.cr\/wp-content\/uploads\/2024\/11\/undefined-3-1320x663.png 1320w, https:\/\/www.redconare.ac.cr\/wp-content\/uploads\/2024\/11\/undefined-3.png 1579w\" sizes=\"(max-width: 800px) 100vw, 800px\" \/>\t\t\t\t\t\t\t\t\t\t\t\t\t\t\t<\/div>\n\t\t\t\t<\/div>\n\t\t\t\t<\/div>\n\t\t<div class=\"elementor-element elementor-element-96dc86e e-con-full e-flex e-con e-child\" data-id=\"96dc86e\" data-element_type=\"container\">\n\t\t\t\t<div class=\"elementor-element elementor-element-0512b1a elementor-widget elementor-widget-image\" data-id=\"0512b1a\" data-element_type=\"widget\" data-widget_type=\"image.default\">\n\t\t\t\t<div class=\"elementor-widget-container\">\n\t\t\t\t\t\t\t\t\t\t\t\t\t\t\t<img decoding=\"async\" width=\"800\" height=\"398\" src=\"https:\/\/www.redconare.ac.cr\/wp-content\/uploads\/2024\/11\/undefined-2-1024x509.png\" class=\"attachment-large size-large wp-image-1873\" alt=\"\" srcset=\"https:\/\/www.redconare.ac.cr\/wp-content\/uploads\/2024\/11\/undefined-2-1024x509.png 1024w, https:\/\/www.redconare.ac.cr\/wp-content\/uploads\/2024\/11\/undefined-2-300x149.png 300w, https:\/\/www.redconare.ac.cr\/wp-content\/uploads\/2024\/11\/undefined-2-768x382.png 768w, https:\/\/www.redconare.ac.cr\/wp-content\/uploads\/2024\/11\/undefined-2-1536x764.png 1536w, https:\/\/www.redconare.ac.cr\/wp-content\/uploads\/2024\/11\/undefined-2-18x9.png 18w, https:\/\/www.redconare.ac.cr\/wp-content\/uploads\/2024\/11\/undefined-2-1320x657.png 1320w, https:\/\/www.redconare.ac.cr\/wp-content\/uploads\/2024\/11\/undefined-2.png 1600w\" sizes=\"(max-width: 800px) 100vw, 800px\" \/>\t\t\t\t\t\t\t\t\t\t\t\t\t\t\t<\/div>\n\t\t\t\t<\/div>\n\t\t\t\t<\/div>\n\t\t\t\t\t<\/div>\n\t\t\t\t<\/div>\n\t\t<div class=\"elementor-element elementor-element-9e05270 e-flex e-con-boxed e-con e-parent\" data-id=\"9e05270\" data-element_type=\"container\">\n\t\t\t\t\t<div class=\"e-con-inner\">\n\t\t\t\t<div class=\"elementor-element elementor-element-21fea90 elementor-widget elementor-widget-text-editor\" data-id=\"21fea90\" data-element_type=\"widget\" data-widget_type=\"text-editor.default\">\n\t\t\t\t<div class=\"elementor-widget-container\">\n\t\t\t\t\t\t\t\t\t<p><strong>For more information on SPIDER and its initiatives:<\/strong><\/p><p class=\"translation-block\">RedCONARE: https:\/\/www.redconare.ac.cr\/proyecto-spider\/<br>\n\nSPIDER: www.spidernetwork.org<br>\n\nBELLA II Project: www.bella-programme.eu<\/p>\t\t\t\t\t\t\t\t<\/div>\n\t\t\t\t<\/div>\n\t\t\t\t\t<\/div>\n\t\t\t\t<\/div>\n\t\t\t\t<\/div>","protected":false},"excerpt":{"rendered":"<p>El pasado 16 de octubre, el equipo de SPIDER en Costa Rica particip\u00f3 del taller \u00abOportunidades del Programa Horizonte Europa en Centroam\u00e9rica\u00bb. Este evento, organizado por el MICITT, la Delegaci\u00f3n&hellip;<\/p>\n<p> <a class=\"more-link\" href=\"https:\/\/www.redconare.ac.cr\/en\/spider-en-el-taller-oportunidades-del-programa-horizonte-europa-en-centroamerica\/\">Leer m\u00e1s<\/a><\/p>","protected":false},"author":5,"featured_media":1880,"comment_status":"closed","ping_status":"open","sticky":false,"template":"","format":"standard","meta":{"_jetpack_memberships_contains_paid_content":false,"footnotes":""},"categories":[1],"tags":[],"class_list":{"0":"post-1868","1":"post","2":"type-post","3":"status-publish","4":"format-standard","5":"has-post-thumbnail","7":"category-uncategorized"},"yoast_head":"<!-- This site is optimized with the Yoast SEO plugin v25.2 - https:\/\/yoast.com\/wordpress\/plugins\/seo\/ -->\n<title>SPIDER en el Taller &quot;Oportunidades del Programa Horizonte Europa en Centroam\u00e9rica&quot; - RedCONARE<\/title>\n<meta name=\"robots\" content=\"index, follow, max-snippet:-1, max-image-preview:large, max-video-preview:-1\" \/>\n<link rel=\"canonical\" href=\"https:\/\/www.redconare.ac.cr\/en\/spider-en-el-taller-oportunidades-del-programa-horizonte-europa-en-centroamerica\/\" \/>\n<meta property=\"og:locale\" content=\"en_US\" \/>\n<meta property=\"og:type\" content=\"article\" \/>\n<meta property=\"og:title\" content=\"SPIDER en el Taller &quot;Oportunidades del Programa Horizonte Europa en Centroam\u00e9rica&quot; - RedCONARE\" \/>\n<meta property=\"og:description\" content=\"El pasado 16 de octubre, el equipo de SPIDER en Costa Rica particip\u00f3 del taller \u00abOportunidades del Programa Horizonte Europa en Centroam\u00e9rica\u00bb. Este evento, organizado por el MICITT, la Delegaci\u00f3n&hellip;  Leer m\u00e1s\" \/>\n<meta property=\"og:url\" content=\"https:\/\/www.redconare.ac.cr\/en\/spider-en-el-taller-oportunidades-del-programa-horizonte-europa-en-centroamerica\/\" \/>\n<meta property=\"og:site_name\" content=\"RedCONARE\" \/>\n<meta property=\"article:publisher\" content=\"https:\/\/www.facebook.com\/RedCONARE\" \/>\n<meta property=\"article:published_time\" content=\"2024-11-05T13:18:04+00:00\" \/>\n<meta property=\"article:modified_time\" content=\"2024-11-05T14:58:05+00:00\" \/>\n<meta property=\"og:image\" content=\"https:\/\/www.redconare.ac.cr\/wp-content\/uploads\/2024\/11\/SPIDER-Banner-Focus-Group-3.png\" \/>\n\t<meta property=\"og:image:width\" content=\"2880\" \/>\n\t<meta property=\"og:image:height\" content=\"1120\" \/>\n\t<meta property=\"og:image:type\" content=\"image\/png\" \/>\n<meta name=\"author\" content=\"Asistente Infraestructura\" \/>\n<meta name=\"twitter:card\" content=\"summary_large_image\" \/>\n<meta name=\"twitter:creator\" content=\"@redconare\" \/>\n<meta name=\"twitter:site\" content=\"@redconare\" \/>\n<meta name=\"twitter:label1\" content=\"Written by\" \/>\n\t<meta name=\"twitter:data1\" content=\"Asistente Infraestructura\" \/>\n\t<meta name=\"twitter:label2\" content=\"Est. reading time\" \/>\n\t<meta name=\"twitter:data2\" content=\"2 minutes\" \/>\n<script type=\"application\/ld+json\" class=\"yoast-schema-graph\">{\"@context\":\"https:\/\/schema.org\",\"@graph\":[{\"@type\":\"Article\",\"@id\":\"https:\/\/www.redconare.ac.cr\/spider-en-el-taller-oportunidades-del-programa-horizonte-europa-en-centroamerica\/#article\",\"isPartOf\":{\"@id\":\"https:\/\/www.redconare.ac.cr\/spider-en-el-taller-oportunidades-del-programa-horizonte-europa-en-centroamerica\/\"},\"author\":{\"name\":\"Asistente Infraestructura\",\"@id\":\"https:\/\/www.redconare.ac.cr\/#\/schema\/person\/7668d157f9d45bfd05ce02a51c40ca1a\"},\"headline\":\"SPIDER en el Taller \u00abOportunidades del Programa Horizonte Europa en Centroam\u00e9rica\u00bb\",\"datePublished\":\"2024-11-05T13:18:04+00:00\",\"dateModified\":\"2024-11-05T14:58:05+00:00\",\"mainEntityOfPage\":{\"@id\":\"https:\/\/www.redconare.ac.cr\/spider-en-el-taller-oportunidades-del-programa-horizonte-europa-en-centroamerica\/\"},\"wordCount\":209,\"publisher\":{\"@id\":\"https:\/\/www.redconare.ac.cr\/#organization\"},\"image\":{\"@id\":\"https:\/\/www.redconare.ac.cr\/spider-en-el-taller-oportunidades-del-programa-horizonte-europa-en-centroamerica\/#primaryimage\"},\"thumbnailUrl\":\"https:\/\/www.redconare.ac.cr\/wp-content\/uploads\/2024\/11\/SPIDER-Banner-Focus-Group-3.png\",\"inLanguage\":\"en-US\"},{\"@type\":\"WebPage\",\"@id\":\"https:\/\/www.redconare.ac.cr\/spider-en-el-taller-oportunidades-del-programa-horizonte-europa-en-centroamerica\/\",\"url\":\"https:\/\/www.redconare.ac.cr\/spider-en-el-taller-oportunidades-del-programa-horizonte-europa-en-centroamerica\/\",\"name\":\"SPIDER en el Taller \\\"Oportunidades del Programa Horizonte Europa en Centroam\u00e9rica\\\" - RedCONARE\",\"isPartOf\":{\"@id\":\"https:\/\/www.redconare.ac.cr\/#website\"},\"primaryImageOfPage\":{\"@id\":\"https:\/\/www.redconare.ac.cr\/spider-en-el-taller-oportunidades-del-programa-horizonte-europa-en-centroamerica\/#primaryimage\"},\"image\":{\"@id\":\"https:\/\/www.redconare.ac.cr\/spider-en-el-taller-oportunidades-del-programa-horizonte-europa-en-centroamerica\/#primaryimage\"},\"thumbnailUrl\":\"https:\/\/www.redconare.ac.cr\/wp-content\/uploads\/2024\/11\/SPIDER-Banner-Focus-Group-3.png\",\"datePublished\":\"2024-11-05T13:18:04+00:00\",\"dateModified\":\"2024-11-05T14:58:05+00:00\",\"breadcrumb\":{\"@id\":\"https:\/\/www.redconare.ac.cr\/spider-en-el-taller-oportunidades-del-programa-horizonte-europa-en-centroamerica\/#breadcrumb\"},\"inLanguage\":\"en-US\",\"potentialAction\":[{\"@type\":\"ReadAction\",\"target\":[\"https:\/\/www.redconare.ac.cr\/spider-en-el-taller-oportunidades-del-programa-horizonte-europa-en-centroamerica\/\"]}]},{\"@type\":\"ImageObject\",\"inLanguage\":\"en-US\",\"@id\":\"https:\/\/www.redconare.ac.cr\/spider-en-el-taller-oportunidades-del-programa-horizonte-europa-en-centroamerica\/#primaryimage\",\"url\":\"https:\/\/www.redconare.ac.cr\/wp-content\/uploads\/2024\/11\/SPIDER-Banner-Focus-Group-3.png\",\"contentUrl\":\"https:\/\/www.redconare.ac.cr\/wp-content\/uploads\/2024\/11\/SPIDER-Banner-Focus-Group-3.png\",\"width\":2880,\"height\":1120},{\"@type\":\"BreadcrumbList\",\"@id\":\"https:\/\/www.redconare.ac.cr\/spider-en-el-taller-oportunidades-del-programa-horizonte-europa-en-centroamerica\/#breadcrumb\",\"itemListElement\":[{\"@type\":\"ListItem\",\"position\":1,\"name\":\"Home\",\"item\":\"https:\/\/www.redconare.ac.cr\/\"},{\"@type\":\"ListItem\",\"position\":2,\"name\":\"SPIDER en el Taller &#8220;Oportunidades del Programa Horizonte Europa en Centroam\u00e9rica&#8221;\"}]},{\"@type\":\"WebSite\",\"@id\":\"https:\/\/www.redconare.ac.cr\/#website\",\"url\":\"https:\/\/www.redconare.ac.cr\/\",\"name\":\"RedCONARE\",\"description\":\"Red Avanzada de Investigaci\u00f3n y Educaci\u00f3n del Consejo Nacional de Rectores de Costa Rica\",\"publisher\":{\"@id\":\"https:\/\/www.redconare.ac.cr\/#organization\"},\"potentialAction\":[{\"@type\":\"SearchAction\",\"target\":{\"@type\":\"EntryPoint\",\"urlTemplate\":\"https:\/\/www.redconare.ac.cr\/?s={search_term_string}\"},\"query-input\":{\"@type\":\"PropertyValueSpecification\",\"valueRequired\":true,\"valueName\":\"search_term_string\"}}],\"inLanguage\":\"en-US\"},{\"@type\":\"Organization\",\"@id\":\"https:\/\/www.redconare.ac.cr\/#organization\",\"name\":\"RedCONARE\",\"url\":\"https:\/\/www.redconare.ac.cr\/\",\"logo\":{\"@type\":\"ImageObject\",\"inLanguage\":\"en-US\",\"@id\":\"https:\/\/www.redconare.ac.cr\/#\/schema\/logo\/image\/\",\"url\":\"http:\/\/10.4.255.54\/wp-content\/uploads\/2024\/08\/cropped-RedCONARE-square.png\",\"contentUrl\":\"http:\/\/10.4.255.54\/wp-content\/uploads\/2024\/08\/cropped-RedCONARE-square.png\",\"width\":512,\"height\":512,\"caption\":\"RedCONARE\"},\"image\":{\"@id\":\"https:\/\/www.redconare.ac.cr\/#\/schema\/logo\/image\/\"},\"sameAs\":[\"https:\/\/www.facebook.com\/RedCONARE\",\"https:\/\/x.com\/redconare\"]},{\"@type\":\"Person\",\"@id\":\"https:\/\/www.redconare.ac.cr\/#\/schema\/person\/7668d157f9d45bfd05ce02a51c40ca1a\",\"name\":\"Asistente Infraestructura\",\"image\":{\"@type\":\"ImageObject\",\"inLanguage\":\"en-US\",\"@id\":\"https:\/\/www.redconare.ac.cr\/#\/schema\/person\/image\/\",\"url\":\"https:\/\/secure.gravatar.com\/avatar\/7de32360b44cb64fc2037e6d8b65de4f?s=96&d=mm&r=g\",\"contentUrl\":\"https:\/\/secure.gravatar.com\/avatar\/7de32360b44cb64fc2037e6d8b65de4f?s=96&d=mm&r=g\",\"caption\":\"Asistente Infraestructura\"},\"url\":\"https:\/\/www.redconare.ac.cr\/en\/author\/asistente_infra\/\"}]}<\/script>\n<!-- \/ Yoast SEO plugin. -->","yoast_head_json":{"title":"SPIDER en el Taller \"Oportunidades del Programa Horizonte Europa en Centroam\u00e9rica\" - RedCONARE","robots":{"index":"index","follow":"follow","max-snippet":"max-snippet:-1","max-image-preview":"max-image-preview:large","max-video-preview":"max-video-preview:-1"},"canonical":"https:\/\/www.redconare.ac.cr\/en\/spider-en-el-taller-oportunidades-del-programa-horizonte-europa-en-centroamerica\/","og_locale":"en_US","og_type":"article","og_title":"SPIDER en el Taller \"Oportunidades del Programa Horizonte Europa en Centroam\u00e9rica\" - RedCONARE","og_description":"El pasado 16 de octubre, el equipo de SPIDER en Costa Rica particip\u00f3 del taller \u00abOportunidades del Programa Horizonte Europa en Centroam\u00e9rica\u00bb. Este evento, organizado por el MICITT, la Delegaci\u00f3n&hellip;  Leer m\u00e1s","og_url":"https:\/\/www.redconare.ac.cr\/en\/spider-en-el-taller-oportunidades-del-programa-horizonte-europa-en-centroamerica\/","og_site_name":"RedCONARE","article_publisher":"https:\/\/www.facebook.com\/RedCONARE","article_published_time":"2024-11-05T13:18:04+00:00","article_modified_time":"2024-11-05T14:58:05+00:00","og_image":[{"width":2880,"height":1120,"url":"https:\/\/www.redconare.ac.cr\/wp-content\/uploads\/2024\/11\/SPIDER-Banner-Focus-Group-3.png","type":"image\/png"}],"author":"Asistente Infraestructura","twitter_card":"summary_large_image","twitter_creator":"@redconare","twitter_site":"@redconare","twitter_misc":{"Written by":"Asistente Infraestructura","Est. reading time":"2 minutes"},"schema":{"@context":"https:\/\/schema.org","@graph":[{"@type":"Article","@id":"https:\/\/www.redconare.ac.cr\/spider-en-el-taller-oportunidades-del-programa-horizonte-europa-en-centroamerica\/#article","isPartOf":{"@id":"https:\/\/www.redconare.ac.cr\/spider-en-el-taller-oportunidades-del-programa-horizonte-europa-en-centroamerica\/"},"author":{"name":"Asistente Infraestructura","@id":"https:\/\/www.redconare.ac.cr\/#\/schema\/person\/7668d157f9d45bfd05ce02a51c40ca1a"},"headline":"SPIDER en el Taller \u00abOportunidades del Programa Horizonte Europa en Centroam\u00e9rica\u00bb","datePublished":"2024-11-05T13:18:04+00:00","dateModified":"2024-11-05T14:58:05+00:00","mainEntityOfPage":{"@id":"https:\/\/www.redconare.ac.cr\/spider-en-el-taller-oportunidades-del-programa-horizonte-europa-en-centroamerica\/"},"wordCount":209,"publisher":{"@id":"https:\/\/www.redconare.ac.cr\/#organization"},"image":{"@id":"https:\/\/www.redconare.ac.cr\/spider-en-el-taller-oportunidades-del-programa-horizonte-europa-en-centroamerica\/#primaryimage"},"thumbnailUrl":"https:\/\/www.redconare.ac.cr\/wp-content\/uploads\/2024\/11\/SPIDER-Banner-Focus-Group-3.png","inLanguage":"en-US"},{"@type":"WebPage","@id":"https:\/\/www.redconare.ac.cr\/spider-en-el-taller-oportunidades-del-programa-horizonte-europa-en-centroamerica\/","url":"https:\/\/www.redconare.ac.cr\/spider-en-el-taller-oportunidades-del-programa-horizonte-europa-en-centroamerica\/","name":"SPIDER en el Taller \"Oportunidades del Programa Horizonte Europa en Centroam\u00e9rica\" - RedCONARE","isPartOf":{"@id":"https:\/\/www.redconare.ac.cr\/#website"},"primaryImageOfPage":{"@id":"https:\/\/www.redconare.ac.cr\/spider-en-el-taller-oportunidades-del-programa-horizonte-europa-en-centroamerica\/#primaryimage"},"image":{"@id":"https:\/\/www.redconare.ac.cr\/spider-en-el-taller-oportunidades-del-programa-horizonte-europa-en-centroamerica\/#primaryimage"},"thumbnailUrl":"https:\/\/www.redconare.ac.cr\/wp-content\/uploads\/2024\/11\/SPIDER-Banner-Focus-Group-3.png","datePublished":"2024-11-05T13:18:04+00:00","dateModified":"2024-11-05T14:58:05+00:00","breadcrumb":{"@id":"https:\/\/www.redconare.ac.cr\/spider-en-el-taller-oportunidades-del-programa-horizonte-europa-en-centroamerica\/#breadcrumb"},"inLanguage":"en-US","potentialAction":[{"@type":"ReadAction","target":["https:\/\/www.redconare.ac.cr\/spider-en-el-taller-oportunidades-del-programa-horizonte-europa-en-centroamerica\/"]}]},{"@type":"ImageObject","inLanguage":"en-US","@id":"https:\/\/www.redconare.ac.cr\/spider-en-el-taller-oportunidades-del-programa-horizonte-europa-en-centroamerica\/#primaryimage","url":"https:\/\/www.redconare.ac.cr\/wp-content\/uploads\/2024\/11\/SPIDER-Banner-Focus-Group-3.png","contentUrl":"https:\/\/www.redconare.ac.cr\/wp-content\/uploads\/2024\/11\/SPIDER-Banner-Focus-Group-3.png","width":2880,"height":1120},{"@type":"BreadcrumbList","@id":"https:\/\/www.redconare.ac.cr\/spider-en-el-taller-oportunidades-del-programa-horizonte-europa-en-centroamerica\/#breadcrumb","itemListElement":[{"@type":"ListItem","position":1,"name":"Home","item":"https:\/\/www.redconare.ac.cr\/"},{"@type":"ListItem","position":2,"name":"SPIDER en el Taller &#8220;Oportunidades del Programa Horizonte Europa en Centroam\u00e9rica&#8221;"}]},{"@type":"WebSite","@id":"https:\/\/www.redconare.ac.cr\/#website","url":"https:\/\/www.redconare.ac.cr\/","name":"RedCONARE","description":"Red Avanzada de Investigaci\u00f3n y Educaci\u00f3n del Consejo Nacional de Rectores de Costa Rica","publisher":{"@id":"https:\/\/www.redconare.ac.cr\/#organization"},"potentialAction":[{"@type":"SearchAction","target":{"@type":"EntryPoint","urlTemplate":"https:\/\/www.redconare.ac.cr\/?s={search_term_string}"},"query-input":{"@type":"PropertyValueSpecification","valueRequired":true,"valueName":"search_term_string"}}],"inLanguage":"en-US"},{"@type":"Organization","@id":"https:\/\/www.redconare.ac.cr\/#organization","name":"RedCONARE","url":"https:\/\/www.redconare.ac.cr\/","logo":{"@type":"ImageObject","inLanguage":"en-US","@id":"https:\/\/www.redconare.ac.cr\/#\/schema\/logo\/image\/","url":"http:\/\/10.4.255.54\/wp-content\/uploads\/2024\/08\/cropped-RedCONARE-square.png","contentUrl":"http:\/\/10.4.255.54\/wp-content\/uploads\/2024\/08\/cropped-RedCONARE-square.png","width":512,"height":512,"caption":"RedCONARE"},"image":{"@id":"https:\/\/www.redconare.ac.cr\/#\/schema\/logo\/image\/"},"sameAs":["https:\/\/www.facebook.com\/RedCONARE","https:\/\/x.com\/redconare"]},{"@type":"Person","@id":"https:\/\/www.redconare.ac.cr\/#\/schema\/person\/7668d157f9d45bfd05ce02a51c40ca1a","name":"Asistente Infraestructura","image":{"@type":"ImageObject","inLanguage":"en-US","@id":"https:\/\/www.redconare.ac.cr\/#\/schema\/person\/image\/","url":"https:\/\/secure.gravatar.com\/avatar\/7de32360b44cb64fc2037e6d8b65de4f?s=96&d=mm&r=g","contentUrl":"https:\/\/secure.gravatar.com\/avatar\/7de32360b44cb64fc2037e6d8b65de4f?s=96&d=mm&r=g","caption":"Asistente Infraestructura"},"url":"https:\/\/www.redconare.ac.cr\/en\/author\/asistente_infra\/"}]}},"jetpack_featured_media_url":"https:\/\/www.redconare.ac.cr\/wp-content\/uploads\/2024\/11\/SPIDER-Banner-Focus-Group-3.png","jetpack_sharing_enabled":true,"_links":{"self":[{"href":"https:\/\/www.redconare.ac.cr\/en\/wp-json\/wp\/v2\/posts\/1868","targetHints":{"allow":["GET"]}}],"collection":[{"href":"https:\/\/www.redconare.ac.cr\/en\/wp-json\/wp\/v2\/posts"}],"about":[{"href":"https:\/\/www.redconare.ac.cr\/en\/wp-json\/wp\/v2\/types\/post"}],"author":[{"embeddable":true,"href":"https:\/\/www.redconare.ac.cr\/en\/wp-json\/wp\/v2\/users\/5"}],"replies":[{"embeddable":true,"href":"https:\/\/www.redconare.ac.cr\/en\/wp-json\/wp\/v2\/comments?post=1868"}],"version-history":[{"count":0,"href":"https:\/\/www.redconare.ac.cr\/en\/wp-json\/wp\/v2\/posts\/1868\/revisions"}],"wp:featuredmedia":[{"embeddable":true,"href":"https:\/\/www.redconare.ac.cr\/en\/wp-json\/wp\/v2\/media\/1880"}],"wp:attachment":[{"href":"https:\/\/www.redconare.ac.cr\/en\/wp-json\/wp\/v2\/media?parent=1868"}],"wp:term":[{"taxonomy":"category","embeddable":true,"href":"https:\/\/www.redconare.ac.cr\/en\/wp-json\/wp\/v2\/categories?post=1868"},{"taxonomy":"post_tag","embeddable":true,"href":"https:\/\/www.redconare.ac.cr\/en\/wp-json\/wp\/v2\/tags?post=1868"}],"curies":[{"name":"wp","href":"https:\/\/api.w.org\/{rel}","templated":true}]}}