{"id":1853,"date":"2024-10-07T16:31:53","date_gmt":"2024-10-07T22:31:53","guid":{"rendered":"https:\/\/www.redconare.ac.cr\/?p=1853"},"modified":"2024-10-07T16:46:25","modified_gmt":"2024-10-07T22:46:25","slug":"grupo-focal-spider-costa-rica-estrategias-para-una-transformacion-digital-inclusiva","status":"publish","type":"post","link":"https:\/\/www.redconare.ac.cr\/en\/grupo-focal-spider-costa-rica-estrategias-para-una-transformacion-digital-inclusiva\/","title":{"rendered":"SPIDER Costa Rica Focus Group: Strategies for an Inclusive Digital Transformation"},"content":{"rendered":"<div data-elementor-type=\"wp-post\" data-elementor-id=\"1853\" class=\"elementor elementor-1853\">\n\t\t\t\t<div class=\"elementor-element elementor-element-955583a e-flex e-con-boxed e-con e-parent\" data-id=\"955583a\" data-element_type=\"container\">\n\t\t\t\t\t<div class=\"e-con-inner\">\n\t\t\t\t<div class=\"elementor-element elementor-element-916cb86 elementor-widget elementor-widget-text-editor\" data-id=\"916cb86\" data-element_type=\"widget\" data-widget_type=\"text-editor.default\">\n\t\t\t\t<div class=\"elementor-widget-container\">\n\t\t\t\t\t\t\t\t\t<p>On September 19, 2024, the SPIDER Costa Rica focus group was held at the National High Technology Center (CeNAT), Franklin Chang D\u00edaz Building, with the objective of gathering complementary information to the work being carried out by the SPIDER project thanks to the cooperation in digital transformation between the European Union (EU) and Latin America and the Caribbean (LAC). This event brought together experts and stakeholders to discuss needs, priorities and perspectives on digital transformation, research and innovation, creating a space for dialogue to identify needs and priorities in this area.<\/p>\t\t\t\t\t\t\t\t<\/div>\n\t\t\t\t<\/div>\n\t\t\t\t\t<\/div>\n\t\t\t\t<\/div>\n\t\t<div class=\"elementor-element elementor-element-f729aaa e-flex e-con-boxed e-con e-parent\" data-id=\"f729aaa\" data-element_type=\"container\">\n\t\t\t\t\t<div class=\"e-con-inner\">\n\t\t\t\t<div class=\"elementor-element elementor-element-5880a0c elementor-widget elementor-widget-text-editor\" data-id=\"5880a0c\" data-element_type=\"widget\" data-widget_type=\"text-editor.default\">\n\t\t\t\t<div class=\"elementor-widget-container\">\n\t\t\t\t\t\t\t\t\t<p>The focus group discussed topics such as the creation of strategic partnerships for a human-centered digital transformation, the implementation of joint digital initiatives, aspects of diversity, equity and inclusion (DEI) and the integration of the intersectional gender dimension in R&amp;I. Strategies focused on the country's technological infrastructure, connectivity, digital skills, education for digital literacy, and multi-sector and interdisciplinary collaboration were also envisioned.<\/p>\t\t\t\t\t\t\t\t<\/div>\n\t\t\t\t<\/div>\n\t\t\t\t\t<\/div>\n\t\t\t\t<\/div>\n\t\t<div class=\"elementor-element elementor-element-3a3c8f5 e-flex e-con-boxed e-con e-parent\" data-id=\"3a3c8f5\" data-element_type=\"container\">\n\t\t\t\t\t<div class=\"e-con-inner\">\n\t\t\t\t<div class=\"elementor-element elementor-element-7bbabdc elementor-widget elementor-widget-text-editor\" data-id=\"7bbabdc\" data-element_type=\"widget\" data-widget_type=\"text-editor.default\">\n\t\t\t\t<div class=\"elementor-widget-container\">\n\t\t\t\t\t\t\t\t\t<p>This dialogue methodology was important to highlight local potentialities, as well as the problems faced by our regions in terms of technology; the importance of a broad territorial perspective was emphasized, considering the differences between the Greater Metropolitan Area (GAM) and the coastal areas of Costa Rica. This focus group represents a significant step towards cooperation in digital transformation between the EU and LAC, with the aim of promoting the use and appropriation of advanced networks in other academic, industrial and service sectors.<\/p>\t\t\t\t\t\t\t\t<\/div>\n\t\t\t\t<\/div>\n\t\t\t\t\t<\/div>\n\t\t\t\t<\/div>\n\t\t<div class=\"elementor-element elementor-element-9d84983 e-flex e-con-boxed e-con e-parent\" data-id=\"9d84983\" data-element_type=\"container\">\n\t\t\t\t\t<div class=\"e-con-inner\">\n\t\t\t\t<div class=\"elementor-element elementor-element-3a9121d elementor-arrows-position-inside elementor-pagination-position-outside elementor-widget elementor-widget-image-carousel\" data-id=\"3a9121d\" data-element_type=\"widget\" data-settings=\"{&quot;navigation&quot;:&quot;both&quot;,&quot;autoplay&quot;:&quot;yes&quot;,&quot;pause_on_hover&quot;:&quot;yes&quot;,&quot;pause_on_interaction&quot;:&quot;yes&quot;,&quot;autoplay_speed&quot;:5000,&quot;infinite&quot;:&quot;yes&quot;,&quot;speed&quot;:500}\" data-widget_type=\"image-carousel.default\">\n\t\t\t\t<div class=\"elementor-widget-container\">\n\t\t\t\t\t\t\t<div class=\"elementor-image-carousel-wrapper swiper\" role=\"region\" aria-roledescription=\"carousel\" aria-label=\"Carrusel de im\u00e1genes\" dir=\"ltr\">\n\t\t\t<div class=\"elementor-image-carousel swiper-wrapper\" aria-live=\"off\">\n\t\t\t\t\t\t\t\t<div class=\"swiper-slide\" role=\"group\" aria-roledescription=\"slide\" aria-label=\"1 de 3\"><figure class=\"swiper-slide-inner\"><img decoding=\"async\" class=\"swiper-slide-image\" src=\"https:\/\/www.redconare.ac.cr\/wp-content\/uploads\/2024\/10\/1-2-300x300.png\" alt=\"1 2\" \/><\/figure><\/div><div class=\"swiper-slide\" role=\"group\" aria-roledescription=\"slide\" aria-label=\"2 de 3\"><figure class=\"swiper-slide-inner\"><img decoding=\"async\" class=\"swiper-slide-image\" src=\"https:\/\/www.redconare.ac.cr\/wp-content\/uploads\/2024\/10\/2-3-300x300.png\" alt=\"2 3\" \/><\/figure><\/div><div class=\"swiper-slide\" role=\"group\" aria-roledescription=\"slide\" aria-label=\"3 de 3\"><figure class=\"swiper-slide-inner\"><img decoding=\"async\" class=\"swiper-slide-image\" src=\"https:\/\/www.redconare.ac.cr\/wp-content\/uploads\/2024\/10\/3-3-300x300.png\" alt=\"3 3\" \/><\/figure><\/div>\t\t\t<\/div>\n\t\t\t\t\t\t\t\t\t\t\t\t<div class=\"elementor-swiper-button elementor-swiper-button-prev\" role=\"button\" tabindex=\"0\">\n\t\t\t\t\t\t<svg aria-hidden=\"true\" class=\"e-font-icon-svg e-eicon-chevron-left\" viewbox=\"0 0 1000 1000\" xmlns=\"http:\/\/www.w3.org\/2000\/svg\"><path d=\"M646 125C629 125 613 133 604 142L308 442C296 454 292 471 292 487 292 504 296 521 308 533L604 854C617 867 629 875 646 875 663 875 679 871 692 858 704 846 713 829 713 812 713 796 708 779 692 767L438 487 692 225C700 217 708 204 708 187 708 171 704 154 692 142 675 129 663 125 646 125Z\"><\/path><\/svg>\t\t\t\t\t<\/div>\n\t\t\t\t\t<div class=\"elementor-swiper-button elementor-swiper-button-next\" role=\"button\" tabindex=\"0\">\n\t\t\t\t\t\t<svg aria-hidden=\"true\" class=\"e-font-icon-svg e-eicon-chevron-right\" viewbox=\"0 0 1000 1000\" xmlns=\"http:\/\/www.w3.org\/2000\/svg\"><path d=\"M696 533C708 521 713 504 713 487 713 471 708 454 696 446L400 146C388 133 375 125 354 125 338 125 325 129 313 142 300 154 292 171 292 187 292 204 296 221 308 233L563 492 304 771C292 783 288 800 288 817 288 833 296 850 308 863 321 871 338 875 354 875 371 875 388 867 400 854L696 533Z\"><\/path><\/svg>\t\t\t\t\t<\/div>\n\t\t\t\t\n\t\t\t\t\t\t\t\t\t<div class=\"swiper-pagination\"><\/div>\n\t\t\t\t\t\t\t\t\t<\/div>\n\t\t\t\t\t\t<\/div>\n\t\t\t\t<\/div>\n\t\t\t\t\t<\/div>\n\t\t\t\t<\/div>\n\t\t<div class=\"elementor-element elementor-element-3155c7d e-flex e-con-boxed e-con e-parent\" data-id=\"3155c7d\" data-element_type=\"container\">\n\t\t\t\t\t<div class=\"e-con-inner\">\n\t\t\t\t<div class=\"elementor-element elementor-element-5daae44 elementor-widget elementor-widget-text-editor\" data-id=\"5daae44\" data-element_type=\"widget\" data-widget_type=\"text-editor.default\">\n\t\t\t\t<div class=\"elementor-widget-container\">\n\t\t\t\t\t\t\t\t\t<p><strong>To find out more information <\/strong><\/p><p>RedCONARE: <a href=\"https:\/\/www.redconare.ac.cr\/en\/\">https:\/\/www.redconare.ac.cr\/<\/a><\/p><p>SPIDER: <a href=\"https:\/\/spidernetwork.org\/about-spider\/\">https:\/\/spidernetwork.org\/<\/a><\/p><p>Proyecto BELLA II: <a href=\"https:\/\/www.bella-programme.eu\/\">https:\/\/www.bella-programme.eu<\/a><\/p>\t\t\t\t\t\t\t\t<\/div>\n\t\t\t\t<\/div>\n\t\t\t\t\t<\/div>\n\t\t\t\t<\/div>\n\t\t<div class=\"elementor-element elementor-element-b6ee443 e-flex e-con-boxed e-con e-parent\" data-id=\"b6ee443\" data-element_type=\"container\">\n\t\t\t\t\t<div class=\"e-con-inner\">\n\t\t\t\t<div class=\"elementor-element elementor-element-d8b8437 elementor-widget elementor-widget-text-editor\" data-id=\"d8b8437\" data-element_type=\"widget\" data-widget_type=\"text-editor.default\">\n\t\t\t\t<div class=\"elementor-widget-container\">\n\t\t\t\t\t\t\t\t\t<p><strong>Related news<\/strong><\/p><p><a href=\"https:\/\/www.redconare.ac.cr\/en\/spider-el-proyecto-de-transformacion-digital-entre-europa-y-america-latina-en-el-que-participa-redconare\/\">https:\/\/www.redconare.ac.cr\/spider-el-proyecto-de-transformacion-digital-entre-europa-y-america-latina-en-el-que-participa-redconare\/<\/a><\/p><p><a href=\"https:\/\/www.redconare.ac.cr\/en\/costa-rica-busca-avance-digital-a-traves-del-ingreso-al-proyecto-bella-ii\/\">https:\/\/www.redconare.ac.cr\/costa-rica-busca-avance-digital-a-traves-del-ingreso-al-proyecto-bella-ii\/<\/a><\/p>\t\t\t\t\t\t\t\t<\/div>\n\t\t\t\t<\/div>\n\t\t\t\t\t<\/div>\n\t\t\t\t<\/div>\n\t\t\t\t<\/div>","protected":false},"excerpt":{"rendered":"<p>On September 19, 2024, the SPIDER Costa Rica focus group was held at the Centro Nacional de Alta Tecnolog\u00eda (CeNAT), Edificio Franklin Chang D\u00edaz,...<\/p>\n<p> <a class=\"more-link\" href=\"https:\/\/www.redconare.ac.cr\/en\/grupo-focal-spider-costa-rica-estrategias-para-una-transformacion-digital-inclusiva\/\">Leer m\u00e1s<\/a><\/p>","protected":false},"author":1,"featured_media":1855,"comment_status":"closed","ping_status":"closed","sticky":false,"template":"","format":"standard","meta":{"_jetpack_memberships_contains_paid_content":false,"footnotes":""},"categories":[1],"tags":[],"class_list":{"0":"post-1853","1":"post","2":"type-post","3":"status-publish","4":"format-standard","5":"has-post-thumbnail","7":"category-uncategorized"},"yoast_head":"<!-- This site is optimized with the Yoast SEO plugin v25.2 - https:\/\/yoast.com\/wordpress\/plugins\/seo\/ -->\n<title>Grupo Focal SPIDER Costa Rica: Estrategias para una Transformaci\u00f3n Digital Inclusiva - RedCONARE<\/title>\n<meta name=\"robots\" content=\"index, follow, max-snippet:-1, max-image-preview:large, max-video-preview:-1\" \/>\n<link rel=\"canonical\" href=\"https:\/\/www.redconare.ac.cr\/en\/grupo-focal-spider-costa-rica-estrategias-para-una-transformacion-digital-inclusiva\/\" \/>\n<meta property=\"og:locale\" content=\"en_US\" \/>\n<meta property=\"og:type\" content=\"article\" \/>\n<meta property=\"og:title\" content=\"Grupo Focal SPIDER Costa Rica: Estrategias para una Transformaci\u00f3n Digital Inclusiva - RedCONARE\" \/>\n<meta property=\"og:description\" content=\"El pasado 19 de septiembre de 2024, se llev\u00f3 a cabo el grupo focal de SPIDER Costa Rica en el Centro Nacional de Alta Tecnolog\u00eda (CeNAT), Edificio Franklin Chang D\u00edaz,&hellip;  Leer m\u00e1s\" \/>\n<meta property=\"og:url\" content=\"https:\/\/www.redconare.ac.cr\/en\/grupo-focal-spider-costa-rica-estrategias-para-una-transformacion-digital-inclusiva\/\" \/>\n<meta property=\"og:site_name\" content=\"RedCONARE\" \/>\n<meta property=\"article:publisher\" content=\"https:\/\/www.facebook.com\/RedCONARE\" \/>\n<meta property=\"article:published_time\" content=\"2024-10-07T22:31:53+00:00\" \/>\n<meta property=\"article:modified_time\" content=\"2024-10-07T22:46:25+00:00\" \/>\n<meta property=\"og:image\" content=\"https:\/\/www.redconare.ac.cr\/wp-content\/uploads\/2024\/10\/SPIDER-Banner-Focus-Group-1-1024x398.png\" \/>\n\t<meta property=\"og:image:width\" content=\"1024\" \/>\n\t<meta property=\"og:image:height\" content=\"398\" \/>\n\t<meta property=\"og:image:type\" content=\"image\/png\" \/>\n<meta name=\"author\" content=\"cgamboa\" \/>\n<meta name=\"twitter:card\" content=\"summary_large_image\" \/>\n<meta name=\"twitter:creator\" content=\"@redconare\" \/>\n<meta name=\"twitter:site\" content=\"@redconare\" \/>\n<meta name=\"twitter:label1\" content=\"Written by\" \/>\n\t<meta name=\"twitter:data1\" content=\"cgamboa\" \/>\n\t<meta name=\"twitter:label2\" content=\"Est. reading time\" \/>\n\t<meta name=\"twitter:data2\" content=\"4 minutes\" \/>\n<script type=\"application\/ld+json\" class=\"yoast-schema-graph\">{\"@context\":\"https:\/\/schema.org\",\"@graph\":[{\"@type\":\"Article\",\"@id\":\"https:\/\/www.redconare.ac.cr\/grupo-focal-spider-costa-rica-estrategias-para-una-transformacion-digital-inclusiva\/#article\",\"isPartOf\":{\"@id\":\"https:\/\/www.redconare.ac.cr\/grupo-focal-spider-costa-rica-estrategias-para-una-transformacion-digital-inclusiva\/\"},\"author\":{\"name\":\"cgamboa\",\"@id\":\"https:\/\/www.redconare.ac.cr\/#\/schema\/person\/3390f2f28f3c91a90475250465144a48\"},\"headline\":\"Grupo Focal SPIDER Costa Rica: Estrategias para una Transformaci\u00f3n Digital Inclusiva\",\"datePublished\":\"2024-10-07T22:31:53+00:00\",\"dateModified\":\"2024-10-07T22:46:25+00:00\",\"mainEntityOfPage\":{\"@id\":\"https:\/\/www.redconare.ac.cr\/grupo-focal-spider-costa-rica-estrategias-para-una-transformacion-digital-inclusiva\/\"},\"wordCount\":343,\"publisher\":{\"@id\":\"https:\/\/www.redconare.ac.cr\/#organization\"},\"image\":{\"@id\":\"https:\/\/www.redconare.ac.cr\/grupo-focal-spider-costa-rica-estrategias-para-una-transformacion-digital-inclusiva\/#primaryimage\"},\"thumbnailUrl\":\"https:\/\/www.redconare.ac.cr\/wp-content\/uploads\/2024\/10\/SPIDER-Banner-Focus-Group-1.png\",\"inLanguage\":\"en-US\"},{\"@type\":\"WebPage\",\"@id\":\"https:\/\/www.redconare.ac.cr\/grupo-focal-spider-costa-rica-estrategias-para-una-transformacion-digital-inclusiva\/\",\"url\":\"https:\/\/www.redconare.ac.cr\/grupo-focal-spider-costa-rica-estrategias-para-una-transformacion-digital-inclusiva\/\",\"name\":\"Grupo Focal SPIDER Costa Rica: Estrategias para una Transformaci\u00f3n Digital Inclusiva - RedCONARE\",\"isPartOf\":{\"@id\":\"https:\/\/www.redconare.ac.cr\/#website\"},\"primaryImageOfPage\":{\"@id\":\"https:\/\/www.redconare.ac.cr\/grupo-focal-spider-costa-rica-estrategias-para-una-transformacion-digital-inclusiva\/#primaryimage\"},\"image\":{\"@id\":\"https:\/\/www.redconare.ac.cr\/grupo-focal-spider-costa-rica-estrategias-para-una-transformacion-digital-inclusiva\/#primaryimage\"},\"thumbnailUrl\":\"https:\/\/www.redconare.ac.cr\/wp-content\/uploads\/2024\/10\/SPIDER-Banner-Focus-Group-1.png\",\"datePublished\":\"2024-10-07T22:31:53+00:00\",\"dateModified\":\"2024-10-07T22:46:25+00:00\",\"breadcrumb\":{\"@id\":\"https:\/\/www.redconare.ac.cr\/grupo-focal-spider-costa-rica-estrategias-para-una-transformacion-digital-inclusiva\/#breadcrumb\"},\"inLanguage\":\"en-US\",\"potentialAction\":[{\"@type\":\"ReadAction\",\"target\":[\"https:\/\/www.redconare.ac.cr\/grupo-focal-spider-costa-rica-estrategias-para-una-transformacion-digital-inclusiva\/\"]}]},{\"@type\":\"ImageObject\",\"inLanguage\":\"en-US\",\"@id\":\"https:\/\/www.redconare.ac.cr\/grupo-focal-spider-costa-rica-estrategias-para-una-transformacion-digital-inclusiva\/#primaryimage\",\"url\":\"https:\/\/www.redconare.ac.cr\/wp-content\/uploads\/2024\/10\/SPIDER-Banner-Focus-Group-1.png\",\"contentUrl\":\"https:\/\/www.redconare.ac.cr\/wp-content\/uploads\/2024\/10\/SPIDER-Banner-Focus-Group-1.png\",\"width\":2880,\"height\":1120},{\"@type\":\"BreadcrumbList\",\"@id\":\"https:\/\/www.redconare.ac.cr\/grupo-focal-spider-costa-rica-estrategias-para-una-transformacion-digital-inclusiva\/#breadcrumb\",\"itemListElement\":[{\"@type\":\"ListItem\",\"position\":1,\"name\":\"Home\",\"item\":\"https:\/\/www.redconare.ac.cr\/\"},{\"@type\":\"ListItem\",\"position\":2,\"name\":\"Grupo Focal SPIDER Costa Rica: Estrategias para una Transformaci\u00f3n Digital Inclusiva\"}]},{\"@type\":\"WebSite\",\"@id\":\"https:\/\/www.redconare.ac.cr\/#website\",\"url\":\"https:\/\/www.redconare.ac.cr\/\",\"name\":\"RedCONARE\",\"description\":\"Red Avanzada de Investigaci\u00f3n y Educaci\u00f3n del Consejo Nacional de Rectores de Costa Rica\",\"publisher\":{\"@id\":\"https:\/\/www.redconare.ac.cr\/#organization\"},\"potentialAction\":[{\"@type\":\"SearchAction\",\"target\":{\"@type\":\"EntryPoint\",\"urlTemplate\":\"https:\/\/www.redconare.ac.cr\/?s={search_term_string}\"},\"query-input\":{\"@type\":\"PropertyValueSpecification\",\"valueRequired\":true,\"valueName\":\"search_term_string\"}}],\"inLanguage\":\"en-US\"},{\"@type\":\"Organization\",\"@id\":\"https:\/\/www.redconare.ac.cr\/#organization\",\"name\":\"RedCONARE\",\"url\":\"https:\/\/www.redconare.ac.cr\/\",\"logo\":{\"@type\":\"ImageObject\",\"inLanguage\":\"en-US\",\"@id\":\"https:\/\/www.redconare.ac.cr\/#\/schema\/logo\/image\/\",\"url\":\"http:\/\/10.4.255.54\/wp-content\/uploads\/2024\/08\/cropped-RedCONARE-square.png\",\"contentUrl\":\"http:\/\/10.4.255.54\/wp-content\/uploads\/2024\/08\/cropped-RedCONARE-square.png\",\"width\":512,\"height\":512,\"caption\":\"RedCONARE\"},\"image\":{\"@id\":\"https:\/\/www.redconare.ac.cr\/#\/schema\/logo\/image\/\"},\"sameAs\":[\"https:\/\/www.facebook.com\/RedCONARE\",\"https:\/\/x.com\/redconare\"]},{\"@type\":\"Person\",\"@id\":\"https:\/\/www.redconare.ac.cr\/#\/schema\/person\/3390f2f28f3c91a90475250465144a48\",\"name\":\"cgamboa\",\"image\":{\"@type\":\"ImageObject\",\"inLanguage\":\"en-US\",\"@id\":\"https:\/\/www.redconare.ac.cr\/#\/schema\/person\/image\/\",\"url\":\"https:\/\/secure.gravatar.com\/avatar\/19da72df8670d425f54815a3195a2b22?s=96&d=mm&r=g\",\"contentUrl\":\"https:\/\/secure.gravatar.com\/avatar\/19da72df8670d425f54815a3195a2b22?s=96&d=mm&r=g\",\"caption\":\"cgamboa\"},\"sameAs\":[\"http:\/\/10.4.255.54\"],\"url\":\"https:\/\/www.redconare.ac.cr\/en\/author\/cgamboa\/\"}]}<\/script>\n<!-- \/ Yoast SEO plugin. -->","yoast_head_json":{"title":"Grupo Focal SPIDER Costa Rica: Estrategias para una Transformaci\u00f3n Digital Inclusiva - RedCONARE","robots":{"index":"index","follow":"follow","max-snippet":"max-snippet:-1","max-image-preview":"max-image-preview:large","max-video-preview":"max-video-preview:-1"},"canonical":"https:\/\/www.redconare.ac.cr\/en\/grupo-focal-spider-costa-rica-estrategias-para-una-transformacion-digital-inclusiva\/","og_locale":"en_US","og_type":"article","og_title":"Grupo Focal SPIDER Costa Rica: Estrategias para una Transformaci\u00f3n Digital Inclusiva - RedCONARE","og_description":"El pasado 19 de septiembre de 2024, se llev\u00f3 a cabo el grupo focal de SPIDER Costa Rica en el Centro Nacional de Alta Tecnolog\u00eda (CeNAT), Edificio Franklin Chang D\u00edaz,&hellip;  Leer m\u00e1s","og_url":"https:\/\/www.redconare.ac.cr\/en\/grupo-focal-spider-costa-rica-estrategias-para-una-transformacion-digital-inclusiva\/","og_site_name":"RedCONARE","article_publisher":"https:\/\/www.facebook.com\/RedCONARE","article_published_time":"2024-10-07T22:31:53+00:00","article_modified_time":"2024-10-07T22:46:25+00:00","og_image":[{"width":1024,"height":398,"url":"https:\/\/www.redconare.ac.cr\/wp-content\/uploads\/2024\/10\/SPIDER-Banner-Focus-Group-1-1024x398.png","type":"image\/png"}],"author":"cgamboa","twitter_card":"summary_large_image","twitter_creator":"@redconare","twitter_site":"@redconare","twitter_misc":{"Written by":"cgamboa","Est. reading time":"4 minutes"},"schema":{"@context":"https:\/\/schema.org","@graph":[{"@type":"Article","@id":"https:\/\/www.redconare.ac.cr\/grupo-focal-spider-costa-rica-estrategias-para-una-transformacion-digital-inclusiva\/#article","isPartOf":{"@id":"https:\/\/www.redconare.ac.cr\/grupo-focal-spider-costa-rica-estrategias-para-una-transformacion-digital-inclusiva\/"},"author":{"name":"cgamboa","@id":"https:\/\/www.redconare.ac.cr\/#\/schema\/person\/3390f2f28f3c91a90475250465144a48"},"headline":"Grupo Focal SPIDER Costa Rica: Estrategias para una Transformaci\u00f3n Digital Inclusiva","datePublished":"2024-10-07T22:31:53+00:00","dateModified":"2024-10-07T22:46:25+00:00","mainEntityOfPage":{"@id":"https:\/\/www.redconare.ac.cr\/grupo-focal-spider-costa-rica-estrategias-para-una-transformacion-digital-inclusiva\/"},"wordCount":343,"publisher":{"@id":"https:\/\/www.redconare.ac.cr\/#organization"},"image":{"@id":"https:\/\/www.redconare.ac.cr\/grupo-focal-spider-costa-rica-estrategias-para-una-transformacion-digital-inclusiva\/#primaryimage"},"thumbnailUrl":"https:\/\/www.redconare.ac.cr\/wp-content\/uploads\/2024\/10\/SPIDER-Banner-Focus-Group-1.png","inLanguage":"en-US"},{"@type":"WebPage","@id":"https:\/\/www.redconare.ac.cr\/grupo-focal-spider-costa-rica-estrategias-para-una-transformacion-digital-inclusiva\/","url":"https:\/\/www.redconare.ac.cr\/grupo-focal-spider-costa-rica-estrategias-para-una-transformacion-digital-inclusiva\/","name":"Grupo Focal SPIDER Costa Rica: Estrategias para una Transformaci\u00f3n Digital Inclusiva - RedCONARE","isPartOf":{"@id":"https:\/\/www.redconare.ac.cr\/#website"},"primaryImageOfPage":{"@id":"https:\/\/www.redconare.ac.cr\/grupo-focal-spider-costa-rica-estrategias-para-una-transformacion-digital-inclusiva\/#primaryimage"},"image":{"@id":"https:\/\/www.redconare.ac.cr\/grupo-focal-spider-costa-rica-estrategias-para-una-transformacion-digital-inclusiva\/#primaryimage"},"thumbnailUrl":"https:\/\/www.redconare.ac.cr\/wp-content\/uploads\/2024\/10\/SPIDER-Banner-Focus-Group-1.png","datePublished":"2024-10-07T22:31:53+00:00","dateModified":"2024-10-07T22:46:25+00:00","breadcrumb":{"@id":"https:\/\/www.redconare.ac.cr\/grupo-focal-spider-costa-rica-estrategias-para-una-transformacion-digital-inclusiva\/#breadcrumb"},"inLanguage":"en-US","potentialAction":[{"@type":"ReadAction","target":["https:\/\/www.redconare.ac.cr\/grupo-focal-spider-costa-rica-estrategias-para-una-transformacion-digital-inclusiva\/"]}]},{"@type":"ImageObject","inLanguage":"en-US","@id":"https:\/\/www.redconare.ac.cr\/grupo-focal-spider-costa-rica-estrategias-para-una-transformacion-digital-inclusiva\/#primaryimage","url":"https:\/\/www.redconare.ac.cr\/wp-content\/uploads\/2024\/10\/SPIDER-Banner-Focus-Group-1.png","contentUrl":"https:\/\/www.redconare.ac.cr\/wp-content\/uploads\/2024\/10\/SPIDER-Banner-Focus-Group-1.png","width":2880,"height":1120},{"@type":"BreadcrumbList","@id":"https:\/\/www.redconare.ac.cr\/grupo-focal-spider-costa-rica-estrategias-para-una-transformacion-digital-inclusiva\/#breadcrumb","itemListElement":[{"@type":"ListItem","position":1,"name":"Home","item":"https:\/\/www.redconare.ac.cr\/"},{"@type":"ListItem","position":2,"name":"Grupo Focal SPIDER Costa Rica: Estrategias para una Transformaci\u00f3n Digital Inclusiva"}]},{"@type":"WebSite","@id":"https:\/\/www.redconare.ac.cr\/#website","url":"https:\/\/www.redconare.ac.cr\/","name":"RedCONARE","description":"Red Avanzada de Investigaci\u00f3n y Educaci\u00f3n del Consejo Nacional de Rectores de Costa Rica","publisher":{"@id":"https:\/\/www.redconare.ac.cr\/#organization"},"potentialAction":[{"@type":"SearchAction","target":{"@type":"EntryPoint","urlTemplate":"https:\/\/www.redconare.ac.cr\/?s={search_term_string}"},"query-input":{"@type":"PropertyValueSpecification","valueRequired":true,"valueName":"search_term_string"}}],"inLanguage":"en-US"},{"@type":"Organization","@id":"https:\/\/www.redconare.ac.cr\/#organization","name":"RedCONARE","url":"https:\/\/www.redconare.ac.cr\/","logo":{"@type":"ImageObject","inLanguage":"en-US","@id":"https:\/\/www.redconare.ac.cr\/#\/schema\/logo\/image\/","url":"http:\/\/10.4.255.54\/wp-content\/uploads\/2024\/08\/cropped-RedCONARE-square.png","contentUrl":"http:\/\/10.4.255.54\/wp-content\/uploads\/2024\/08\/cropped-RedCONARE-square.png","width":512,"height":512,"caption":"RedCONARE"},"image":{"@id":"https:\/\/www.redconare.ac.cr\/#\/schema\/logo\/image\/"},"sameAs":["https:\/\/www.facebook.com\/RedCONARE","https:\/\/x.com\/redconare"]},{"@type":"Person","@id":"https:\/\/www.redconare.ac.cr\/#\/schema\/person\/3390f2f28f3c91a90475250465144a48","name":"cgamboa","image":{"@type":"ImageObject","inLanguage":"en-US","@id":"https:\/\/www.redconare.ac.cr\/#\/schema\/person\/image\/","url":"https:\/\/secure.gravatar.com\/avatar\/19da72df8670d425f54815a3195a2b22?s=96&d=mm&r=g","contentUrl":"https:\/\/secure.gravatar.com\/avatar\/19da72df8670d425f54815a3195a2b22?s=96&d=mm&r=g","caption":"cgamboa"},"sameAs":["http:\/\/10.4.255.54"],"url":"https:\/\/www.redconare.ac.cr\/en\/author\/cgamboa\/"}]}},"jetpack_featured_media_url":"https:\/\/www.redconare.ac.cr\/wp-content\/uploads\/2024\/10\/SPIDER-Banner-Focus-Group-1.png","jetpack_sharing_enabled":true,"_links":{"self":[{"href":"https:\/\/www.redconare.ac.cr\/en\/wp-json\/wp\/v2\/posts\/1853","targetHints":{"allow":["GET"]}}],"collection":[{"href":"https:\/\/www.redconare.ac.cr\/en\/wp-json\/wp\/v2\/posts"}],"about":[{"href":"https:\/\/www.redconare.ac.cr\/en\/wp-json\/wp\/v2\/types\/post"}],"author":[{"embeddable":true,"href":"https:\/\/www.redconare.ac.cr\/en\/wp-json\/wp\/v2\/users\/1"}],"replies":[{"embeddable":true,"href":"https:\/\/www.redconare.ac.cr\/en\/wp-json\/wp\/v2\/comments?post=1853"}],"version-history":[{"count":0,"href":"https:\/\/www.redconare.ac.cr\/en\/wp-json\/wp\/v2\/posts\/1853\/revisions"}],"wp:featuredmedia":[{"embeddable":true,"href":"https:\/\/www.redconare.ac.cr\/en\/wp-json\/wp\/v2\/media\/1855"}],"wp:attachment":[{"href":"https:\/\/www.redconare.ac.cr\/en\/wp-json\/wp\/v2\/media?parent=1853"}],"wp:term":[{"taxonomy":"category","embeddable":true,"href":"https:\/\/www.redconare.ac.cr\/en\/wp-json\/wp\/v2\/categories?post=1853"},{"taxonomy":"post_tag","embeddable":true,"href":"https:\/\/www.redconare.ac.cr\/en\/wp-json\/wp\/v2\/tags?post=1853"}],"curies":[{"name":"wp","href":"https:\/\/api.w.org\/{rel}","templated":true}]}}