{"id":1369,"date":"2024-07-10T17:01:00","date_gmt":"2024-07-10T17:01:00","guid":{"rendered":"https:\/\/www.redconare.ac.cr\/?p=1352"},"modified":"2024-08-13T15:08:55","modified_gmt":"2024-08-13T21:08:55","slug":"spider-foro-de-implementacion-de-dialogos-tuvo-la-primera-reunion-de-sus-grupos-de-trabajo","status":"publish","type":"post","link":"https:\/\/www.redconare.ac.cr\/en\/spider-foro-de-implementacion-de-dialogos-tuvo-la-primera-reunion-de-sus-grupos-de-trabajo\/","title":{"rendered":"SPIDER: Dialogues Implementation Forum held the first meeting of its working groups"},"content":{"rendered":"<div data-elementor-type=\"wp-post\" data-elementor-id=\"1369\" class=\"elementor elementor-1369\">\n\t\t\t\t\t\t<section class=\"elementor-section elementor-top-section elementor-element elementor-element-f0d66c0 elementor-section-boxed elementor-section-height-default elementor-section-height-default\" data-id=\"f0d66c0\" data-element_type=\"section\">\n\t\t\t\t\t\t<div class=\"elementor-container elementor-column-gap-default\">\n\t\t\t\t\t<div class=\"elementor-column elementor-col-100 elementor-top-column elementor-element elementor-element-67b70ce\" data-id=\"67b70ce\" data-element_type=\"column\">\n\t\t\t<div class=\"elementor-widget-wrap elementor-element-populated\">\n\t\t\t\t\t\t<div class=\"elementor-element elementor-element-7c0381d elementor-widget elementor-widget-text-editor\" data-id=\"7c0381d\" data-element_type=\"widget\" data-widget_type=\"text-editor.default\">\n\t\t\t\t<div class=\"elementor-widget-container\">\n\t\t\t\t\t\t\t\t\t<p>El pasado mi\u00e9rcoles 26 de junio se realiz\u00f3 la reuni\u00f3n de lanzamiento del Foro de Implementaci\u00f3n de Di\u00e1logos de la Asociaci\u00f3n estrat\u00e9gica UE-LAC para la implementaci\u00f3n de di\u00e1logos digitales en cooperaci\u00f3n para la investigaci\u00f3n e innovaci\u00f3n (SPIDER, por sus siglas en ingl\u00e9s). Este foro reuni\u00f3 a 40 personas expertas de Europa, Am\u00e9rica Latina y el Caribe.<\/p>\t\t\t\t\t\t\t\t<\/div>\n\t\t\t\t<\/div>\n\t\t\t\t\t<\/div>\n\t\t<\/div>\n\t\t\t\t\t<\/div>\n\t\t<\/section>\n\t\t\t\t<section class=\"elementor-section elementor-top-section elementor-element elementor-element-2f61846 elementor-section-boxed elementor-section-height-default elementor-section-height-default\" data-id=\"2f61846\" data-element_type=\"section\">\n\t\t\t\t\t\t<div class=\"elementor-container elementor-column-gap-default\">\n\t\t\t\t\t<div class=\"elementor-column elementor-col-100 elementor-top-column elementor-element elementor-element-a42e73e\" data-id=\"a42e73e\" data-element_type=\"column\">\n\t\t\t<div class=\"elementor-widget-wrap elementor-element-populated\">\n\t\t\t\t\t\t<div class=\"elementor-element elementor-element-33ada57 elementor-widget elementor-widget-text-editor\" data-id=\"33ada57\" data-element_type=\"widget\" data-widget_type=\"text-editor.default\">\n\t\t\t\t<div class=\"elementor-widget-container\">\n\t\t\t\t\t\t\t\t\t<p>La reuni\u00f3n tuvo como objetivo iniciar la b\u00fasqueda de soluciones innovadoras que impacten el futuro de la transformaci\u00f3n digital y la inclusi\u00f3n, de manera que dichas propuestas enmarquen los pr\u00f3ximos pasos del proyecto SPIDER bajo los pilares de sostenibilidad y el foco en las necesidades humanas.<\/p>\t\t\t\t\t\t\t\t<\/div>\n\t\t\t\t<\/div>\n\t\t\t\t\t<\/div>\n\t\t<\/div>\n\t\t\t\t\t<\/div>\n\t\t<\/section>\n\t\t\t\t<section class=\"elementor-section elementor-top-section elementor-element elementor-element-6f07b5f elementor-section-boxed elementor-section-height-default elementor-section-height-default\" data-id=\"6f07b5f\" data-element_type=\"section\">\n\t\t\t\t\t\t<div class=\"elementor-container elementor-column-gap-default\">\n\t\t\t\t\t<div class=\"elementor-column elementor-col-100 elementor-top-column elementor-element elementor-element-4b47c42\" data-id=\"4b47c42\" data-element_type=\"column\">\n\t\t\t<div class=\"elementor-widget-wrap elementor-element-populated\">\n\t\t\t\t\t\t<div class=\"elementor-element elementor-element-3ab9fee elementor-widget elementor-widget-text-editor\" data-id=\"3ab9fee\" data-element_type=\"widget\" data-widget_type=\"text-editor.default\">\n\t\t\t\t<div class=\"elementor-widget-container\">\n\t\t\t\t\t\t\t\t\t<p>En esta sesi\u00f3n, las personas participantes se dividieron en dos grupos que representaban tem\u00e1ticas primordiales para SPIDER. El primer grupo de trabajo fue denominado \u201cTransformaci\u00f3n digital centrada en el ser humano\u201d, y pretende abordar temas como pol\u00edtica, regulaci\u00f3n y participaci\u00f3n de las partes interesadas; el segundo se trat\u00f3 de \u201cDiversidad, equidad e inclusi\u00f3n (DEI)\u201d, y su discusi\u00f3n gir\u00f3 en torno a principios y valores de la DEI en la Cooperaci\u00f3n UE-ALC y en el dise\u00f1o de investigaci\u00f3n sobre transformaci\u00f3n digital.<\/p>\t\t\t\t\t\t\t\t<\/div>\n\t\t\t\t<\/div>\n\t\t\t\t\t<\/div>\n\t\t<\/div>\n\t\t\t\t\t<\/div>\n\t\t<\/section>\n\t\t\t\t<section class=\"elementor-section elementor-top-section elementor-element elementor-element-378c722 elementor-section-boxed elementor-section-height-default elementor-section-height-default\" data-id=\"378c722\" data-element_type=\"section\">\n\t\t\t\t\t\t<div class=\"elementor-container elementor-column-gap-default\">\n\t\t\t\t\t<div class=\"elementor-column elementor-col-100 elementor-top-column elementor-element elementor-element-f72e751\" data-id=\"f72e751\" data-element_type=\"column\">\n\t\t\t<div class=\"elementor-widget-wrap elementor-element-populated\">\n\t\t\t\t\t\t<div class=\"elementor-element elementor-element-98e51a3 elementor-widget elementor-widget-text-editor\" data-id=\"98e51a3\" data-element_type=\"widget\" data-widget_type=\"text-editor.default\">\n\t\t\t\t<div class=\"elementor-widget-container\">\n\t\t\t\t\t\t\t\t\t<p><strong>Grupo 1 &#8211; Transformaci\u00f3n digital centrada en el ser humano<\/strong><\/p><p>Este espacio se dividi\u00f3 en dos subgrupos: uno enfocado en Pol\u00edtica, regulaci\u00f3n y participaci\u00f3n de las partes interesadas (stakeholders), y el segundo relacionado a la Implementaci\u00f3n, seguridad y medici\u00f3n. El primer subgrupo centr\u00f3 parte de la discusi\u00f3n al tema de gesti\u00f3n y manejo de datos, mientras que el segundo dirigi\u00f3 su foco a la integraci\u00f3n de cursos digitales en planes de estudio y la importancia de las habilidades blandas para lograr una transformaci\u00f3n digital centrada en el ser humano.<\/p>\t\t\t\t\t\t\t\t<\/div>\n\t\t\t\t<\/div>\n\t\t\t\t\t<\/div>\n\t\t<\/div>\n\t\t\t\t\t<\/div>\n\t\t<\/section>\n\t\t\t\t<section class=\"elementor-section elementor-top-section elementor-element elementor-element-f4f4126 elementor-section-boxed elementor-section-height-default elementor-section-height-default\" data-id=\"f4f4126\" data-element_type=\"section\">\n\t\t\t\t\t\t<div class=\"elementor-container elementor-column-gap-default\">\n\t\t\t\t\t<div class=\"elementor-column elementor-col-100 elementor-top-column elementor-element elementor-element-be18477\" data-id=\"be18477\" data-element_type=\"column\">\n\t\t\t<div class=\"elementor-widget-wrap elementor-element-populated\">\n\t\t\t\t\t\t<div class=\"elementor-element elementor-element-4a3ecdd elementor-widget elementor-widget-text-editor\" data-id=\"4a3ecdd\" data-element_type=\"widget\" data-widget_type=\"text-editor.default\">\n\t\t\t\t<div class=\"elementor-widget-container\">\n\t\t\t\t\t\t\t\t\t<p><strong>Grupo 2 &#8211; Diversidad, equidad e inclusi\u00f3n (DEI)<\/strong><\/p><p>Para esta secci\u00f3n, el primer subgrupo destac\u00f3 la importancia de la equidad de g\u00e9nero en materia de tecnolog\u00eda, adem\u00e1s de la promoci\u00f3n de espacios igualitarios en el \u00e1rea STEM; el segundo espacio de trabajo abord\u00f3 estrategias para garantizar una representaci\u00f3n diversa en los equipos de investigaci\u00f3n, as\u00ed como la necesidad de realizar cambios institucionales para crear una cultura inclusiva.<\/p>\t\t\t\t\t\t\t\t<\/div>\n\t\t\t\t<\/div>\n\t\t\t\t\t<\/div>\n\t\t<\/div>\n\t\t\t\t\t<\/div>\n\t\t<\/section>\n\t\t\t\t<section class=\"elementor-section elementor-top-section elementor-element elementor-element-9f16408 elementor-section-boxed elementor-section-height-default elementor-section-height-default\" data-id=\"9f16408\" data-element_type=\"section\">\n\t\t\t\t\t\t<div class=\"elementor-container elementor-column-gap-default\">\n\t\t\t\t\t<div class=\"elementor-column elementor-col-100 elementor-top-column elementor-element elementor-element-4f8fbdb\" data-id=\"4f8fbdb\" data-element_type=\"column\">\n\t\t\t<div class=\"elementor-widget-wrap elementor-element-populated\">\n\t\t\t\t\t\t<div class=\"elementor-element elementor-element-11bc458 elementor-widget elementor-widget-image\" data-id=\"11bc458\" data-element_type=\"widget\" data-widget_type=\"image.default\">\n\t\t\t\t<div class=\"elementor-widget-container\">\n\t\t\t\t\t\t\t\t\t\t\t\t\t\t\t<img decoding=\"async\" src=\"https:\/\/www.redconare.ac.cr\/wp-content\/uploads\/2024\/07\/IMAGEN-NOTA-SPIDER-ESPANOL.png\" title=\"\" alt=\"\" loading=\"lazy\" \/>\t\t\t\t\t\t\t\t\t\t\t\t\t\t\t<\/div>\n\t\t\t\t<\/div>\n\t\t\t\t\t<\/div>\n\t\t<\/div>\n\t\t\t\t\t<\/div>\n\t\t<\/section>\n\t\t\t\t<section class=\"elementor-section elementor-top-section elementor-element elementor-element-59581b1 elementor-section-boxed elementor-section-height-default elementor-section-height-default\" data-id=\"59581b1\" data-element_type=\"section\">\n\t\t\t\t\t\t<div class=\"elementor-container elementor-column-gap-default\">\n\t\t\t\t\t<div class=\"elementor-column elementor-col-100 elementor-top-column elementor-element elementor-element-8c65993\" data-id=\"8c65993\" data-element_type=\"column\">\n\t\t\t<div class=\"elementor-widget-wrap elementor-element-populated\">\n\t\t\t\t\t\t<div class=\"elementor-element elementor-element-7f459d5 elementor-widget elementor-widget-text-editor\" data-id=\"7f459d5\" data-element_type=\"widget\" data-widget_type=\"text-editor.default\">\n\t\t\t\t<div class=\"elementor-widget-container\">\n\t\t\t\t\t\t\t\t\t<p><strong>To find out more information <\/strong><\/p><p><a href=\"https:\/\/www.redconare.ac.cr\/en\/\" target=\"_blank\" rel=\"noopener\">RedCONARE\u00a0\u00a0<\/a><\/p><p><a href=\"https:\/\/spidernetwork.org\/\" target=\"_blank\" rel=\"noopener\">SPIDER\u00a0<\/a><\/p><p><a href=\"https:\/\/www.bella-programme.eu\" target=\"_blank\" rel=\"noopener\">Follow the BELLA network's\u00a0<\/a><\/p>\t\t\t\t\t\t\t\t<\/div>\n\t\t\t\t<\/div>\n\t\t\t\t\t<\/div>\n\t\t<\/div>\n\t\t\t\t\t<\/div>\n\t\t<\/section>\n\t\t\t\t<\/div>","protected":false},"excerpt":{"rendered":"<p>On Wednesday, June 26th, the launching meeting of the EU-LAC Strategic Partnership Dialogue Implementation Forum for the implementation of digital dialogues in<\/p>\n<p> <a class=\"more-link\" href=\"https:\/\/www.redconare.ac.cr\/en\/spider-foro-de-implementacion-de-dialogos-tuvo-la-primera-reunion-de-sus-grupos-de-trabajo\/\">Leer m\u00e1s<\/a><\/p>","protected":false},"author":1,"featured_media":1731,"comment_status":"closed","ping_status":"open","sticky":false,"template":"","format":"standard","meta":{"_jetpack_memberships_contains_paid_content":false,"footnotes":""},"categories":[1],"tags":[],"class_list":{"0":"post-1369","1":"post","2":"type-post","3":"status-publish","4":"format-standard","5":"has-post-thumbnail","7":"category-uncategorized"},"yoast_head":"<!-- This site is optimized with the Yoast SEO plugin v25.2 - https:\/\/yoast.com\/wordpress\/plugins\/seo\/ -->\n<title>SPIDER: Foro de Implementaci\u00f3n de Di\u00e1logos tuvo la primera reuni\u00f3n de sus grupos de trabajo - RedCONARE<\/title>\n<meta name=\"robots\" content=\"index, follow, max-snippet:-1, max-image-preview:large, max-video-preview:-1\" \/>\n<link rel=\"canonical\" href=\"https:\/\/www.redconare.ac.cr\/en\/spider-foro-de-implementacion-de-dialogos-tuvo-la-primera-reunion-de-sus-grupos-de-trabajo\/\" \/>\n<meta property=\"og:locale\" content=\"en_US\" \/>\n<meta property=\"og:type\" content=\"article\" \/>\n<meta property=\"og:title\" content=\"SPIDER: Foro de Implementaci\u00f3n de Di\u00e1logos tuvo la primera reuni\u00f3n de sus grupos de trabajo - RedCONARE\" \/>\n<meta property=\"og:description\" content=\"El pasado mi\u00e9rcoles 26 de junio se realiz\u00f3 la reuni\u00f3n de lanzamiento del Foro de Implementaci\u00f3n de Di\u00e1logos de la Asociaci\u00f3n estrat\u00e9gica UE-LAC para la implementaci\u00f3n de di\u00e1logos digitales en&hellip;  Leer m\u00e1s\" \/>\n<meta property=\"og:url\" content=\"https:\/\/www.redconare.ac.cr\/en\/spider-foro-de-implementacion-de-dialogos-tuvo-la-primera-reunion-de-sus-grupos-de-trabajo\/\" \/>\n<meta property=\"og:site_name\" content=\"RedCONARE\" \/>\n<meta property=\"article:publisher\" content=\"https:\/\/www.facebook.com\/RedCONARE\" \/>\n<meta property=\"article:published_time\" content=\"2024-07-10T17:01:00+00:00\" \/>\n<meta property=\"article:modified_time\" content=\"2024-08-13T21:08:55+00:00\" \/>\n<meta property=\"og:image\" content=\"https:\/\/www.redconare.ac.cr\/wp-content\/uploads\/2024\/07\/derek-thomson-NqJYQ3m_rVA-unsplash-scaled.jpg\" \/>\n\t<meta property=\"og:image:width\" content=\"2560\" \/>\n\t<meta property=\"og:image:height\" content=\"1707\" \/>\n\t<meta property=\"og:image:type\" content=\"image\/jpeg\" \/>\n<meta name=\"author\" content=\"cgamboa\" \/>\n<meta name=\"twitter:card\" content=\"summary_large_image\" \/>\n<meta name=\"twitter:creator\" content=\"@redconare\" \/>\n<meta name=\"twitter:site\" content=\"@redconare\" \/>\n<meta name=\"twitter:label1\" content=\"Written by\" \/>\n\t<meta name=\"twitter:data1\" content=\"cgamboa\" \/>\n\t<meta name=\"twitter:label2\" content=\"Est. reading time\" \/>\n\t<meta name=\"twitter:data2\" content=\"2 minutes\" \/>\n<script type=\"application\/ld+json\" class=\"yoast-schema-graph\">{\"@context\":\"https:\/\/schema.org\",\"@graph\":[{\"@type\":\"Article\",\"@id\":\"https:\/\/www.redconare.ac.cr\/spider-foro-de-implementacion-de-dialogos-tuvo-la-primera-reunion-de-sus-grupos-de-trabajo\/#article\",\"isPartOf\":{\"@id\":\"https:\/\/www.redconare.ac.cr\/spider-foro-de-implementacion-de-dialogos-tuvo-la-primera-reunion-de-sus-grupos-de-trabajo\/\"},\"author\":{\"name\":\"cgamboa\",\"@id\":\"https:\/\/www.redconare.ac.cr\/#\/schema\/person\/3390f2f28f3c91a90475250465144a48\"},\"headline\":\"SPIDER: Foro de Implementaci\u00f3n de Di\u00e1logos tuvo la primera reuni\u00f3n de sus grupos de trabajo\",\"datePublished\":\"2024-07-10T17:01:00+00:00\",\"dateModified\":\"2024-08-13T21:08:55+00:00\",\"mainEntityOfPage\":{\"@id\":\"https:\/\/www.redconare.ac.cr\/spider-foro-de-implementacion-de-dialogos-tuvo-la-primera-reunion-de-sus-grupos-de-trabajo\/\"},\"wordCount\":415,\"publisher\":{\"@id\":\"https:\/\/www.redconare.ac.cr\/#organization\"},\"image\":{\"@id\":\"https:\/\/www.redconare.ac.cr\/spider-foro-de-implementacion-de-dialogos-tuvo-la-primera-reunion-de-sus-grupos-de-trabajo\/#primaryimage\"},\"thumbnailUrl\":\"https:\/\/www.redconare.ac.cr\/wp-content\/uploads\/2024\/07\/derek-thomson-NqJYQ3m_rVA-unsplash-scaled.jpg\",\"inLanguage\":\"en-US\"},{\"@type\":\"WebPage\",\"@id\":\"https:\/\/www.redconare.ac.cr\/spider-foro-de-implementacion-de-dialogos-tuvo-la-primera-reunion-de-sus-grupos-de-trabajo\/\",\"url\":\"https:\/\/www.redconare.ac.cr\/spider-foro-de-implementacion-de-dialogos-tuvo-la-primera-reunion-de-sus-grupos-de-trabajo\/\",\"name\":\"SPIDER: Foro de Implementaci\u00f3n de Di\u00e1logos tuvo la primera reuni\u00f3n de sus grupos de trabajo - RedCONARE\",\"isPartOf\":{\"@id\":\"https:\/\/www.redconare.ac.cr\/#website\"},\"primaryImageOfPage\":{\"@id\":\"https:\/\/www.redconare.ac.cr\/spider-foro-de-implementacion-de-dialogos-tuvo-la-primera-reunion-de-sus-grupos-de-trabajo\/#primaryimage\"},\"image\":{\"@id\":\"https:\/\/www.redconare.ac.cr\/spider-foro-de-implementacion-de-dialogos-tuvo-la-primera-reunion-de-sus-grupos-de-trabajo\/#primaryimage\"},\"thumbnailUrl\":\"https:\/\/www.redconare.ac.cr\/wp-content\/uploads\/2024\/07\/derek-thomson-NqJYQ3m_rVA-unsplash-scaled.jpg\",\"datePublished\":\"2024-07-10T17:01:00+00:00\",\"dateModified\":\"2024-08-13T21:08:55+00:00\",\"breadcrumb\":{\"@id\":\"https:\/\/www.redconare.ac.cr\/spider-foro-de-implementacion-de-dialogos-tuvo-la-primera-reunion-de-sus-grupos-de-trabajo\/#breadcrumb\"},\"inLanguage\":\"en-US\",\"potentialAction\":[{\"@type\":\"ReadAction\",\"target\":[\"https:\/\/www.redconare.ac.cr\/spider-foro-de-implementacion-de-dialogos-tuvo-la-primera-reunion-de-sus-grupos-de-trabajo\/\"]}]},{\"@type\":\"ImageObject\",\"inLanguage\":\"en-US\",\"@id\":\"https:\/\/www.redconare.ac.cr\/spider-foro-de-implementacion-de-dialogos-tuvo-la-primera-reunion-de-sus-grupos-de-trabajo\/#primaryimage\",\"url\":\"https:\/\/www.redconare.ac.cr\/wp-content\/uploads\/2024\/07\/derek-thomson-NqJYQ3m_rVA-unsplash-scaled.jpg\",\"contentUrl\":\"https:\/\/www.redconare.ac.cr\/wp-content\/uploads\/2024\/07\/derek-thomson-NqJYQ3m_rVA-unsplash-scaled.jpg\",\"width\":2560,\"height\":1707},{\"@type\":\"BreadcrumbList\",\"@id\":\"https:\/\/www.redconare.ac.cr\/spider-foro-de-implementacion-de-dialogos-tuvo-la-primera-reunion-de-sus-grupos-de-trabajo\/#breadcrumb\",\"itemListElement\":[{\"@type\":\"ListItem\",\"position\":1,\"name\":\"Home\",\"item\":\"https:\/\/www.redconare.ac.cr\/\"},{\"@type\":\"ListItem\",\"position\":2,\"name\":\"SPIDER: Foro de Implementaci\u00f3n de Di\u00e1logos tuvo la primera reuni\u00f3n de sus grupos de trabajo\"}]},{\"@type\":\"WebSite\",\"@id\":\"https:\/\/www.redconare.ac.cr\/#website\",\"url\":\"https:\/\/www.redconare.ac.cr\/\",\"name\":\"RedCONARE\",\"description\":\"Red Avanzada de Investigaci\u00f3n y Educaci\u00f3n del Consejo Nacional de Rectores de Costa Rica\",\"publisher\":{\"@id\":\"https:\/\/www.redconare.ac.cr\/#organization\"},\"potentialAction\":[{\"@type\":\"SearchAction\",\"target\":{\"@type\":\"EntryPoint\",\"urlTemplate\":\"https:\/\/www.redconare.ac.cr\/?s={search_term_string}\"},\"query-input\":{\"@type\":\"PropertyValueSpecification\",\"valueRequired\":true,\"valueName\":\"search_term_string\"}}],\"inLanguage\":\"en-US\"},{\"@type\":\"Organization\",\"@id\":\"https:\/\/www.redconare.ac.cr\/#organization\",\"name\":\"RedCONARE\",\"url\":\"https:\/\/www.redconare.ac.cr\/\",\"logo\":{\"@type\":\"ImageObject\",\"inLanguage\":\"en-US\",\"@id\":\"https:\/\/www.redconare.ac.cr\/#\/schema\/logo\/image\/\",\"url\":\"http:\/\/10.4.255.54\/wp-content\/uploads\/2024\/08\/cropped-RedCONARE-square.png\",\"contentUrl\":\"http:\/\/10.4.255.54\/wp-content\/uploads\/2024\/08\/cropped-RedCONARE-square.png\",\"width\":512,\"height\":512,\"caption\":\"RedCONARE\"},\"image\":{\"@id\":\"https:\/\/www.redconare.ac.cr\/#\/schema\/logo\/image\/\"},\"sameAs\":[\"https:\/\/www.facebook.com\/RedCONARE\",\"https:\/\/x.com\/redconare\"]},{\"@type\":\"Person\",\"@id\":\"https:\/\/www.redconare.ac.cr\/#\/schema\/person\/3390f2f28f3c91a90475250465144a48\",\"name\":\"cgamboa\",\"image\":{\"@type\":\"ImageObject\",\"inLanguage\":\"en-US\",\"@id\":\"https:\/\/www.redconare.ac.cr\/#\/schema\/person\/image\/\",\"url\":\"https:\/\/secure.gravatar.com\/avatar\/19da72df8670d425f54815a3195a2b22?s=96&d=mm&r=g\",\"contentUrl\":\"https:\/\/secure.gravatar.com\/avatar\/19da72df8670d425f54815a3195a2b22?s=96&d=mm&r=g\",\"caption\":\"cgamboa\"},\"sameAs\":[\"http:\/\/10.4.255.54\"],\"url\":\"https:\/\/www.redconare.ac.cr\/en\/author\/cgamboa\/\"}]}<\/script>\n<!-- \/ Yoast SEO plugin. -->","yoast_head_json":{"title":"SPIDER: Foro de Implementaci\u00f3n de Di\u00e1logos tuvo la primera reuni\u00f3n de sus grupos de trabajo - RedCONARE","robots":{"index":"index","follow":"follow","max-snippet":"max-snippet:-1","max-image-preview":"max-image-preview:large","max-video-preview":"max-video-preview:-1"},"canonical":"https:\/\/www.redconare.ac.cr\/en\/spider-foro-de-implementacion-de-dialogos-tuvo-la-primera-reunion-de-sus-grupos-de-trabajo\/","og_locale":"en_US","og_type":"article","og_title":"SPIDER: Foro de Implementaci\u00f3n de Di\u00e1logos tuvo la primera reuni\u00f3n de sus grupos de trabajo - RedCONARE","og_description":"El pasado mi\u00e9rcoles 26 de junio se realiz\u00f3 la reuni\u00f3n de lanzamiento del Foro de Implementaci\u00f3n de Di\u00e1logos de la Asociaci\u00f3n estrat\u00e9gica UE-LAC para la implementaci\u00f3n de di\u00e1logos digitales en&hellip;  Leer m\u00e1s","og_url":"https:\/\/www.redconare.ac.cr\/en\/spider-foro-de-implementacion-de-dialogos-tuvo-la-primera-reunion-de-sus-grupos-de-trabajo\/","og_site_name":"RedCONARE","article_publisher":"https:\/\/www.facebook.com\/RedCONARE","article_published_time":"2024-07-10T17:01:00+00:00","article_modified_time":"2024-08-13T21:08:55+00:00","og_image":[{"width":2560,"height":1707,"url":"https:\/\/www.redconare.ac.cr\/wp-content\/uploads\/2024\/07\/derek-thomson-NqJYQ3m_rVA-unsplash-scaled.jpg","type":"image\/jpeg"}],"author":"cgamboa","twitter_card":"summary_large_image","twitter_creator":"@redconare","twitter_site":"@redconare","twitter_misc":{"Written by":"cgamboa","Est. reading time":"2 minutes"},"schema":{"@context":"https:\/\/schema.org","@graph":[{"@type":"Article","@id":"https:\/\/www.redconare.ac.cr\/spider-foro-de-implementacion-de-dialogos-tuvo-la-primera-reunion-de-sus-grupos-de-trabajo\/#article","isPartOf":{"@id":"https:\/\/www.redconare.ac.cr\/spider-foro-de-implementacion-de-dialogos-tuvo-la-primera-reunion-de-sus-grupos-de-trabajo\/"},"author":{"name":"cgamboa","@id":"https:\/\/www.redconare.ac.cr\/#\/schema\/person\/3390f2f28f3c91a90475250465144a48"},"headline":"SPIDER: Foro de Implementaci\u00f3n de Di\u00e1logos tuvo la primera reuni\u00f3n de sus grupos de trabajo","datePublished":"2024-07-10T17:01:00+00:00","dateModified":"2024-08-13T21:08:55+00:00","mainEntityOfPage":{"@id":"https:\/\/www.redconare.ac.cr\/spider-foro-de-implementacion-de-dialogos-tuvo-la-primera-reunion-de-sus-grupos-de-trabajo\/"},"wordCount":415,"publisher":{"@id":"https:\/\/www.redconare.ac.cr\/#organization"},"image":{"@id":"https:\/\/www.redconare.ac.cr\/spider-foro-de-implementacion-de-dialogos-tuvo-la-primera-reunion-de-sus-grupos-de-trabajo\/#primaryimage"},"thumbnailUrl":"https:\/\/www.redconare.ac.cr\/wp-content\/uploads\/2024\/07\/derek-thomson-NqJYQ3m_rVA-unsplash-scaled.jpg","inLanguage":"en-US"},{"@type":"WebPage","@id":"https:\/\/www.redconare.ac.cr\/spider-foro-de-implementacion-de-dialogos-tuvo-la-primera-reunion-de-sus-grupos-de-trabajo\/","url":"https:\/\/www.redconare.ac.cr\/spider-foro-de-implementacion-de-dialogos-tuvo-la-primera-reunion-de-sus-grupos-de-trabajo\/","name":"SPIDER: Foro de Implementaci\u00f3n de Di\u00e1logos tuvo la primera reuni\u00f3n de sus grupos de trabajo - RedCONARE","isPartOf":{"@id":"https:\/\/www.redconare.ac.cr\/#website"},"primaryImageOfPage":{"@id":"https:\/\/www.redconare.ac.cr\/spider-foro-de-implementacion-de-dialogos-tuvo-la-primera-reunion-de-sus-grupos-de-trabajo\/#primaryimage"},"image":{"@id":"https:\/\/www.redconare.ac.cr\/spider-foro-de-implementacion-de-dialogos-tuvo-la-primera-reunion-de-sus-grupos-de-trabajo\/#primaryimage"},"thumbnailUrl":"https:\/\/www.redconare.ac.cr\/wp-content\/uploads\/2024\/07\/derek-thomson-NqJYQ3m_rVA-unsplash-scaled.jpg","datePublished":"2024-07-10T17:01:00+00:00","dateModified":"2024-08-13T21:08:55+00:00","breadcrumb":{"@id":"https:\/\/www.redconare.ac.cr\/spider-foro-de-implementacion-de-dialogos-tuvo-la-primera-reunion-de-sus-grupos-de-trabajo\/#breadcrumb"},"inLanguage":"en-US","potentialAction":[{"@type":"ReadAction","target":["https:\/\/www.redconare.ac.cr\/spider-foro-de-implementacion-de-dialogos-tuvo-la-primera-reunion-de-sus-grupos-de-trabajo\/"]}]},{"@type":"ImageObject","inLanguage":"en-US","@id":"https:\/\/www.redconare.ac.cr\/spider-foro-de-implementacion-de-dialogos-tuvo-la-primera-reunion-de-sus-grupos-de-trabajo\/#primaryimage","url":"https:\/\/www.redconare.ac.cr\/wp-content\/uploads\/2024\/07\/derek-thomson-NqJYQ3m_rVA-unsplash-scaled.jpg","contentUrl":"https:\/\/www.redconare.ac.cr\/wp-content\/uploads\/2024\/07\/derek-thomson-NqJYQ3m_rVA-unsplash-scaled.jpg","width":2560,"height":1707},{"@type":"BreadcrumbList","@id":"https:\/\/www.redconare.ac.cr\/spider-foro-de-implementacion-de-dialogos-tuvo-la-primera-reunion-de-sus-grupos-de-trabajo\/#breadcrumb","itemListElement":[{"@type":"ListItem","position":1,"name":"Home","item":"https:\/\/www.redconare.ac.cr\/"},{"@type":"ListItem","position":2,"name":"SPIDER: Foro de Implementaci\u00f3n de Di\u00e1logos tuvo la primera reuni\u00f3n de sus grupos de trabajo"}]},{"@type":"WebSite","@id":"https:\/\/www.redconare.ac.cr\/#website","url":"https:\/\/www.redconare.ac.cr\/","name":"RedCONARE","description":"Red Avanzada de Investigaci\u00f3n y Educaci\u00f3n del Consejo Nacional de Rectores de Costa Rica","publisher":{"@id":"https:\/\/www.redconare.ac.cr\/#organization"},"potentialAction":[{"@type":"SearchAction","target":{"@type":"EntryPoint","urlTemplate":"https:\/\/www.redconare.ac.cr\/?s={search_term_string}"},"query-input":{"@type":"PropertyValueSpecification","valueRequired":true,"valueName":"search_term_string"}}],"inLanguage":"en-US"},{"@type":"Organization","@id":"https:\/\/www.redconare.ac.cr\/#organization","name":"RedCONARE","url":"https:\/\/www.redconare.ac.cr\/","logo":{"@type":"ImageObject","inLanguage":"en-US","@id":"https:\/\/www.redconare.ac.cr\/#\/schema\/logo\/image\/","url":"http:\/\/10.4.255.54\/wp-content\/uploads\/2024\/08\/cropped-RedCONARE-square.png","contentUrl":"http:\/\/10.4.255.54\/wp-content\/uploads\/2024\/08\/cropped-RedCONARE-square.png","width":512,"height":512,"caption":"RedCONARE"},"image":{"@id":"https:\/\/www.redconare.ac.cr\/#\/schema\/logo\/image\/"},"sameAs":["https:\/\/www.facebook.com\/RedCONARE","https:\/\/x.com\/redconare"]},{"@type":"Person","@id":"https:\/\/www.redconare.ac.cr\/#\/schema\/person\/3390f2f28f3c91a90475250465144a48","name":"cgamboa","image":{"@type":"ImageObject","inLanguage":"en-US","@id":"https:\/\/www.redconare.ac.cr\/#\/schema\/person\/image\/","url":"https:\/\/secure.gravatar.com\/avatar\/19da72df8670d425f54815a3195a2b22?s=96&d=mm&r=g","contentUrl":"https:\/\/secure.gravatar.com\/avatar\/19da72df8670d425f54815a3195a2b22?s=96&d=mm&r=g","caption":"cgamboa"},"sameAs":["http:\/\/10.4.255.54"],"url":"https:\/\/www.redconare.ac.cr\/en\/author\/cgamboa\/"}]}},"jetpack_featured_media_url":"https:\/\/www.redconare.ac.cr\/wp-content\/uploads\/2024\/07\/derek-thomson-NqJYQ3m_rVA-unsplash-scaled.jpg","jetpack_sharing_enabled":true,"_links":{"self":[{"href":"https:\/\/www.redconare.ac.cr\/en\/wp-json\/wp\/v2\/posts\/1369","targetHints":{"allow":["GET"]}}],"collection":[{"href":"https:\/\/www.redconare.ac.cr\/en\/wp-json\/wp\/v2\/posts"}],"about":[{"href":"https:\/\/www.redconare.ac.cr\/en\/wp-json\/wp\/v2\/types\/post"}],"author":[{"embeddable":true,"href":"https:\/\/www.redconare.ac.cr\/en\/wp-json\/wp\/v2\/users\/1"}],"replies":[{"embeddable":true,"href":"https:\/\/www.redconare.ac.cr\/en\/wp-json\/wp\/v2\/comments?post=1369"}],"version-history":[{"count":0,"href":"https:\/\/www.redconare.ac.cr\/en\/wp-json\/wp\/v2\/posts\/1369\/revisions"}],"wp:featuredmedia":[{"embeddable":true,"href":"https:\/\/www.redconare.ac.cr\/en\/wp-json\/wp\/v2\/media\/1731"}],"wp:attachment":[{"href":"https:\/\/www.redconare.ac.cr\/en\/wp-json\/wp\/v2\/media?parent=1369"}],"wp:term":[{"taxonomy":"category","embeddable":true,"href":"https:\/\/www.redconare.ac.cr\/en\/wp-json\/wp\/v2\/categories?post=1369"},{"taxonomy":"post_tag","embeddable":true,"href":"https:\/\/www.redconare.ac.cr\/en\/wp-json\/wp\/v2\/tags?post=1369"}],"curies":[{"name":"wp","href":"https:\/\/api.w.org\/{rel}","templated":true}]}}